{"id":286,"date":"2013-06-11T13:51:47","date_gmt":"2013-06-11T11:51:47","guid":{"rendered":"http:\/\/atelierdecreationlibertaire.com\/blogs\/anarchistes-italiens\/?p=286"},"modified":"2013-06-15T16:03:11","modified_gmt":"2013-06-15T14:03:11","slug":"alessio-lega-a-sete-et-a-montpellier","status":"publish","type":"post","link":"http:\/\/atelierdecreationlibertaire.com\/blogs1\/anarchistes-italiens\/2013\/06\/11\/alessio-lega-a-sete-et-a-montpellier\/","title":{"rendered":"Alessio Lega en concert"},"content":{"rendered":"<p><!--[if gte mso 9]&gt;    &lt;![endif]--><\/p>\n<p>Deux concerts d&rsquo;Alessio Lega \u00e0 <a href=\"http:\/\/www.dantesete.fr\/?page_id=28\">S\u00e8te<\/a>, au caf\u00e9 Le Saint Clair, et \u00e0 <a href=\"http:\/\/http:\/\/isabellefelici.net\/wp-content\/uploads\/2012\/11\/flyer.pdf\">Montpellier<\/a>, au th\u00e9\u00e2tre Pierre Tabard, les 12 et 13 juin 2013, dans le cadre d&rsquo;une journ\u00e9e d&rsquo;\u00e9tude organis\u00e9e \u00e0 l&rsquo;Universit\u00e9 Paul Val\u00e9ry Montpellier 3.<\/p>\n<p class=\"MsoNormal\" style=\"margin-bottom: .0001pt;text-align: justify\"><span lang=\"IT\">Alessio Lega <\/span><span lang=\"IT\">est n\u00e9 \u00e0 Lecce en 1972 et vit \u00e0 Milan depuis 1990.<\/span><\/p>\n<p class=\"MsoNormal\" style=\"margin-bottom: .0001pt;text-align: justify\"><span lang=\"IT\"><!--more--><\/span><span lang=\"IT\"> Il a \u00e9t\u00e9 auteur de bandes dessin\u00e9es et employ\u00e9 administratif. Il collabore \u00e0 des revues et aux activit\u00e9s du mouvement libertaire. Amoureux de la langue, historien de la chanson internationale, chanteur li\u00e9 \u00e0 la tradition fran\u00e7aise, il \u00e9crit en regardant d\u2019un \u0153il la forme et de l\u2019autre la justice sociale. Soucieux de la richesse de la musique autant que de celle des paroles, il a pour principal collaborateur le guitariste Rocco Marchi. Sa vocation de \u00ab cantastorie \u00bb l\u2019a conduit \u00e0 collaborer avec Ascanio Celestini (pour <em>Incrocio di sguardi<\/em>, Milan, Eleuthera 2012) et l\u2019a rapproch\u00e9 de membres du Nuovo Canzoniere Italiano, Giovanna Marini, Paolo Pietrangeli, Ivan Della Mea, avec lesquels il a partag\u00e9 la sc\u00e8ne \u00e0 plusieurs reprises. Il a six albums \u00e0 son actif. Le programme de ce concert est tir\u00e9 de son dernier album, <em><span>Mala Testa<\/span><\/em>, sorti en 2013. <a href=\"http:\/\/www.alessiolega.it\"><span style=\"font-size: 10.0pt;font-family: &quot;Arial&quot;,&quot;sans-serif&amp;quot\" lang=\"FR\">www.alessiolega.it<\/span><\/a><\/span><span style=\"font-size: 10.0pt;font-family: &quot;Arial&quot;,&quot;sans-serif&amp;quot\"> <\/span><\/p>\n","protected":false},"excerpt":{"rendered":"<p>Deux concerts d&rsquo;Alessio Lega \u00e0 S\u00e8te, au caf\u00e9 Le Saint Clair, et \u00e0 Montpellier, au th\u00e9\u00e2tre Pierre Tabard, les 12 et 13 juin 2013, dans le cadre d&rsquo;une journ\u00e9e d&rsquo;\u00e9tude organis\u00e9e \u00e0 l&rsquo;Universit\u00e9 Paul Val\u00e9ry Montpellier 3. Alessio Lega est n\u00e9 \u00e0 Lecce en 1972 et vit \u00e0 Milan depuis 1990.<\/p>\n","protected":false},"author":2,"featured_media":0,"comment_status":"open","ping_status":"open","sticky":false,"template":"","format":"standard","meta":{"footnotes":""},"categories":[13],"tags":[328,272,329],"_links":{"self":[{"href":"http:\/\/atelierdecreationlibertaire.com\/blogs1\/anarchistes-italiens\/wp-json\/wp\/v2\/posts\/286"}],"collection":[{"href":"http:\/\/atelierdecreationlibertaire.com\/blogs1\/anarchistes-italiens\/wp-json\/wp\/v2\/posts"}],"about":[{"href":"http:\/\/atelierdecreationlibertaire.com\/blogs1\/anarchistes-italiens\/wp-json\/wp\/v2\/types\/post"}],"author":[{"embeddable":true,"href":"http:\/\/atelierdecreationlibertaire.com\/blogs1\/anarchistes-italiens\/wp-json\/wp\/v2\/users\/2"}],"replies":[{"embeddable":true,"href":"http:\/\/atelierdecreationlibertaire.com\/blogs1\/anarchistes-italiens\/wp-json\/wp\/v2\/comments?post=286"}],"version-history":[{"count":21,"href":"http:\/\/atelierdecreationlibertaire.com\/blogs1\/anarchistes-italiens\/wp-json\/wp\/v2\/posts\/286\/revisions"}],"predecessor-version":[{"id":305,"href":"http:\/\/atelierdecreationlibertaire.com\/blogs1\/anarchistes-italiens\/wp-json\/wp\/v2\/posts\/286\/revisions\/305"}],"wp:attachment":[{"href":"http:\/\/atelierdecreationlibertaire.com\/blogs1\/anarchistes-italiens\/wp-json\/wp\/v2\/media?parent=286"}],"wp:term":[{"taxonomy":"category","embeddable":true,"href":"http:\/\/atelierdecreationlibertaire.com\/blogs1\/anarchistes-italiens\/wp-json\/wp\/v2\/categories?post=286"},{"taxonomy":"post_tag","embeddable":true,"href":"http:\/\/atelierdecreationlibertaire.com\/blogs1\/anarchistes-italiens\/wp-json\/wp\/v2\/tags?post=286"}],"curies":[{"name":"wp","href":"https:\/\/api.w.org\/{rel}","templated":true}]}}