{"id":600,"date":"2016-08-31T19:24:18","date_gmt":"2016-08-31T17:24:18","guid":{"rendered":"http:\/\/atelierdecreationlibertaire.com\/blogs\/anarchistes-italiens\/?p=600"},"modified":"2016-09-02T15:05:52","modified_gmt":"2016-09-02T13:05:52","slug":"encore-un-exploit-de-la-colonie-cecilia","status":"publish","type":"post","link":"http:\/\/atelierdecreationlibertaire.com\/blogs1\/anarchistes-italiens\/2016\/08\/31\/encore-un-exploit-de-la-colonie-cecilia\/","title":{"rendered":"Encore un exploit de la colonie Cecilia! et une photo"},"content":{"rendered":"<p style=\"text-align: justify\">Presque trente minutes d&rsquo;enregistrement et un r\u00e9cit bas\u00e9 sur plusieurs de mes textes (erreurs de lectures \u00e0 part), certains, qu&rsquo;\u00e0 sa demande, j&rsquo;ai envoy\u00e9s personnellement \u00e0 Emilio Franzina quand une radio italienne l&rsquo;a charg\u00e9 d&rsquo;enregistrer un r\u00e9cit sur la colonie Cecilia. En trente minutes, ou presque, pas une r\u00e9f\u00e9rence explicite \u00e0 ces textes ni au nom de leur auteure&#8230; Le r\u00e9cit est \u00ab\u00a0friendly\u00a0\u00bb, comme me l&rsquo;annon\u00e7ait le r\u00e9citant dans un sympathique message d&rsquo;approche, mais gu\u00e8re impartial envers Rossi et les anarchistes, ces \u00ab\u00a0\u00e9ternels r\u00eaveurs\u00a0\u00bb, dont il est finalement peu question d&rsquo;un poing de vue politique. Sans rancune, voici le lien vers le podcast de l&rsquo;\u00e9mission: <a href=\"http:\/\/www.radio3.rai.it\/dl\/portaleRadio\/media\/ContentItem-8b06b2c4-0e5b-42d4-8a9d-834a67812a79.html\" target=\"_blank\">La Colonie Cecilia<\/a>. Attention, si vous suivez ce lien, ne vous fiez pas \u00e0 l&rsquo;illustration qui n&rsquo;a rien \u00e0 voir avec la Cecilia. Mais on y voit bien Rossi, avant son d\u00e9part pour le Br\u00e9sil: il est debout \u00e0 droite.<br \/>\n<!--more-->C&rsquo;est la m\u00eame illustration qu&rsquo;on trouve en couverture de l&rsquo;ouvrage \u00ab\u00a0pionnier\u00a0\u00bb de Rosellina Gosi, <em>Il socialismo utopistico. Giovanni\u00a0 Rossi et la colonia anarchica Cecilia<\/em> (1977), lui aussi largement (et explicitement) cit\u00e9 par Franzina.<br \/>\nVoici la seule image de la Cecilia que j&rsquo;ai trouv\u00e9e au cours de mes recherches:<\/p>\n<p style=\"text-align: justify\"><img loading=\"lazy\" decoding=\"async\" class=\"aligncenter size-medium wp-image-607\" src=\"http:\/\/atelierdecreationlibertaire.com\/blogs1\/anarchistes-italiens\/wp-content\/uploads\/\/colonia_cecilia1-296x300.jpg\" alt=\"colonia_cecilia1\" width=\"296\" height=\"300\" srcset=\"http:\/\/atelierdecreationlibertaire.com\/blogs1\/anarchistes-italiens\/wp-content\/uploads\/colonia_cecilia1-296x300.jpg 296w, http:\/\/atelierdecreationlibertaire.com\/blogs1\/anarchistes-italiens\/wp-content\/uploads\/colonia_cecilia1.jpg 759w\" sizes=\"(max-width: 296px) 100vw, 296px\" \/><\/p>\n<p style=\"text-align: justify\">Elle figure,\u00a0 avec la l\u00e9gende suivante  \u00ab\u00a0Groupe  d&rsquo;anarchistes italiens  isol\u00e9s dans la for\u00eat (Colonia Cecilia   S.\u00a0Catarina)\u00a0\u00bb, dans <em>L&rsquo;altra Italia, storia fotografica della grande emigrazione italiana nelle Americhe (1880-1915) <\/em>de   Gianfranco Rosoli et Oreste Grossi (Rome, CSER, 1973), qui n&rsquo;indiquent   pas la provenance de la photographie (d\u00e9cid\u00e9ment!). Malgr\u00e9 l&rsquo;erreur  dans  la l\u00e9gende, la Cecilia s&rsquo;\u00e9tant implant\u00e9e dans l&rsquo;\u00c9tat du Paran\u00e1 et  non  dans celui de Santa Catarina, il n&rsquo;y a pas de raison de douter de l&rsquo;authenticit\u00e9 de la photographie: on y distingue un groupe d&rsquo;une trentaine de  personnes, plus ou moins le nombre de membres pr\u00e9sents sur le site au moment  o\u00f9 la communaut\u00e9 atteint son rythme de croisi\u00e8re, vers\u00a0 1892, et un grand  baraquement qui pourrait \u00eatre celui que Rossi d\u00e9crit\u00a0 dans ses comptes  rendus.<br \/>\nMoins convaincante une autre photographie, elle aussi sans indication de provenance (ter), qu&rsquo;on peut voir <a href=\"http:\/\/www.gazetadopovo.com.br\/vida-e-cidadania\/dos-mitos-a-verdade-sobre-a-colonia-cecilia-ekg9lok3sgkj3r557nrzj5tfy\" target=\"_blank\">ici<\/a>, publi\u00e9e par un quotidien de Curitiba, <em>Gazeta do Povo<\/em>, le 18 mars 2011: les v\u00eatements pourraient remonter plut\u00f4t aux ann\u00e9es 1920, voire 1930, qu&rsquo;\u00e0 la fin du XIXe et ne semblent en tout cas pas rapi\u00e9c\u00e9s ni en mauvais \u00e9tat comme les d\u00e9crit Rossi. Ce qu&rsquo;on voit en arri\u00e8re-plan, ressemble plut\u00f4t \u00e0 une maison qu&rsquo;\u00e0 un baraquement ou qu&rsquo;\u00e0 une des maisonnettes en bois que la communaut\u00e9 construit ensuite, toujours selon le r\u00e9cit de Rossi. Enfin, le groupe repr\u00e9sent\u00e9 \u00e9voque plut\u00f4t une famille qu&rsquo;une communaut\u00e9. Mais qui sait, le d\u00e9tenteur de la photographie pourrait bien un jour en citer l&rsquo;origine.<\/p>\n","protected":false},"excerpt":{"rendered":"<p>Presque trente minutes d&rsquo;enregistrement et un r\u00e9cit bas\u00e9 sur plusieurs de mes textes (erreurs de lectures \u00e0 part), certains, qu&rsquo;\u00e0 sa demande, j&rsquo;ai envoy\u00e9s personnellement \u00e0 Emilio Franzina quand une radio italienne l&rsquo;a charg\u00e9 d&rsquo;enregistrer un r\u00e9cit sur la colonie Cecilia. En trente minutes, ou presque, pas une r\u00e9f\u00e9rence explicite \u00e0 ces textes ni au [&hellip;]<\/p>\n","protected":false},"author":2,"featured_media":0,"comment_status":"open","ping_status":"open","sticky":false,"template":"","format":"standard","meta":{"footnotes":""},"categories":[13],"tags":[49,441],"_links":{"self":[{"href":"http:\/\/atelierdecreationlibertaire.com\/blogs1\/anarchistes-italiens\/wp-json\/wp\/v2\/posts\/600"}],"collection":[{"href":"http:\/\/atelierdecreationlibertaire.com\/blogs1\/anarchistes-italiens\/wp-json\/wp\/v2\/posts"}],"about":[{"href":"http:\/\/atelierdecreationlibertaire.com\/blogs1\/anarchistes-italiens\/wp-json\/wp\/v2\/types\/post"}],"author":[{"embeddable":true,"href":"http:\/\/atelierdecreationlibertaire.com\/blogs1\/anarchistes-italiens\/wp-json\/wp\/v2\/users\/2"}],"replies":[{"embeddable":true,"href":"http:\/\/atelierdecreationlibertaire.com\/blogs1\/anarchistes-italiens\/wp-json\/wp\/v2\/comments?post=600"}],"version-history":[{"count":17,"href":"http:\/\/atelierdecreationlibertaire.com\/blogs1\/anarchistes-italiens\/wp-json\/wp\/v2\/posts\/600\/revisions"}],"predecessor-version":[{"id":644,"href":"http:\/\/atelierdecreationlibertaire.com\/blogs1\/anarchistes-italiens\/wp-json\/wp\/v2\/posts\/600\/revisions\/644"}],"wp:attachment":[{"href":"http:\/\/atelierdecreationlibertaire.com\/blogs1\/anarchistes-italiens\/wp-json\/wp\/v2\/media?parent=600"}],"wp:term":[{"taxonomy":"category","embeddable":true,"href":"http:\/\/atelierdecreationlibertaire.com\/blogs1\/anarchistes-italiens\/wp-json\/wp\/v2\/categories?post=600"},{"taxonomy":"post_tag","embeddable":true,"href":"http:\/\/atelierdecreationlibertaire.com\/blogs1\/anarchistes-italiens\/wp-json\/wp\/v2\/tags?post=600"}],"curies":[{"name":"wp","href":"https:\/\/api.w.org\/{rel}","templated":true}]}}