{"id":670,"date":"2017-01-06T17:58:23","date_gmt":"2017-01-06T15:58:23","guid":{"rendered":"http:\/\/atelierdecreationlibertaire.com\/blogs\/anarchistes-italiens\/?p=670"},"modified":"2018-06-06T14:04:49","modified_gmt":"2018-06-06T12:04:49","slug":"le-journal-le-parisien-sinteresse-aux-anarchistes-italiens","status":"publish","type":"post","link":"http:\/\/atelierdecreationlibertaire.com\/blogs1\/anarchistes-italiens\/2017\/01\/06\/le-journal-le-parisien-sinteresse-aux-anarchistes-italiens\/","title":{"rendered":"Le journal Le Parisien s&rsquo;int\u00e9resse aux anarchistes italiens"},"content":{"rendered":"<p><img loading=\"lazy\" decoding=\"async\" class=\"alignleft size-medium wp-image-671\" src=\"http:\/\/atelierdecreationlibertaire.com\/blogs1\/anarchistes-italiens\/wp-content\/uploads\/\/famille-gilioli-fontenay-1937-300x187.jpg\" alt=\"famille-gilioli-fontenay-1937\" width=\"300\" height=\"187\" srcset=\"http:\/\/atelierdecreationlibertaire.com\/blogs1\/anarchistes-italiens\/wp-content\/uploads\/famille-gilioli-fontenay-1937-300x187.jpg 300w, http:\/\/atelierdecreationlibertaire.com\/blogs1\/anarchistes-italiens\/wp-content\/uploads\/famille-gilioli-fontenay-1937.jpg 1000w\" sizes=\"(max-width: 300px) 100vw, 300px\" \/>Le 1er janvier 2017 <em>Le Parisien <\/em>publiait un article intitul\u00e9 \u00abFontenay : une famille d&rsquo;anarchistes italiens gagne ses lettres de noblesse\u00bb. Il fait suite \u00e0 une publication, dans l&rsquo;Almanach 2017 de la commune de Fontenay-sous-Bois, de quelques \u00e9l\u00e9ments biographiques sur\u00a0 la famille Giglioli, dont un membre, Ribelle, 93 ans, habite\u00a0 toujours dans cette commune de banlieue de la petite couronne de Paris .<!--more--><br \/>\nLe titre de l&rsquo;article appelle un questionnement : comment cette famille d&rsquo;anarchistes italiens a-t-elle gagn\u00e9 ses lettres de noblesse? Parce qu&rsquo;elle figure dans l&rsquo;Almanach de la ville, parce qu&rsquo;elle a eu droit \u00e0 un article dans le <em>Parisien <\/em>(avec photo, voir ci-dessus<em>) <\/em>ou parce qu&rsquo;elle va avoir, peut-\u00eatre, bient\u00f4t droit \u00e0 son nom sur la plaque appos\u00e9e place de l&rsquo;Amiti\u00e9 entre les peuples, une plaque qui rend hommage aux combattants, anarchistes et communistes, partis de Fontenay pour rejoindre les Brigades Internationales dans les ann\u00e9es 1930?<br \/>\nEn attendant cet hommage, on pourra utilement consulter le <em>Dizionario biografico degli anarchici italiani<\/em> dans lequel\u00a0 deux membres de la famille Giglioli, Onofrio, le p\u00e8re, et Rivoluzio, l&rsquo;un des fils, tomb\u00e9 en juin 1937 pr\u00e8s de Huesca (il est enterr\u00e9 au cimeti\u00e8re de Montjuich \u00e0 Barcelone) ont une notice. Pour avoir quelques \u00e9l\u00e9ments sur les filles Giglioli, par exemple Siberia, partie elle aussi pour l&rsquo;Espagne, il faut glaner dans la rubrique consacr\u00e9e au<a href=\"http:\/\/bfscollezionidigitali.org\/index.php\/Detail\/Object\/Show\/object_id\/905\" target=\"_blank\" rel=\"noopener\"> p\u00e8re<\/a>, au <a href=\"http:\/\/bfscollezionidigitali.org\/index.php\/Detail\/Object\/Show\/object_id\/906\" target=\"_blank\" rel=\"noopener\">fr\u00e8re<\/a>, ou au compagnon de Siberia, Renzo <a href=\"http:\/\/bfscollezionidigitali.org\/index.php\/Detail\/Object\/Show\/object_id\/1043\" target=\"_blank\" rel=\"noopener\">Cavani<\/a>.<\/p>\n<p>Pour lire l&rsquo;article du <em>Parisien<\/em>, suivre ce <a href=\"http:\/\/www.leparisien.fr\/fontenay-sous-bois-94120\/fontenay-une-famille-d-anarchistes-italiens-gagne-ses-lettres-de-noblesse-01-01-2017-6513768.php#xtor=AD-1481423554\" target=\"_blank\" rel=\"noopener\">lien<\/a>.<br \/>\nL&rsquo;Almanach 2017 de Fontenay-sous-Bois sera sans doute\u00a0 bient\u00f4t disponible <a href=\"http:\/\/www.fontenay-sous-bois.fr\/actualites-videos\/a-fontenay\/publications-municipales\/index.html\" target=\"_blank\" rel=\"noopener\">ici<\/a>.<br \/>\nEt voici un extrait de la notice biographique consacr\u00e9e \u00e0 Onofrio Gilioli. En italien. La traduction suivra bient\u00f4t, si certains sont int\u00e9ress\u00e9s.<\/p>\n<blockquote><p>Nel 1924 la famiglia Gilioli si trasferisce nella zona di Parigi, a Fontenay-sous-Bois, in rue de Moulin, Villa Fresnes 8. In questa casa si riuniscono spesso gruppi di anarchici e il Comitato pro vittime politiche: di queste riunioni sono rimaste tracce perch\u00e9 di solito partecipa l\u2019anarchico (e informatore della polizia) Bernardo Cremonini. \u00c8 il caso, ad esempio, della riunione del Comitato anarchico tenuta il 24 luglio 1928, presenti tra gli altri Luigi Fabbri e Camillo Berneri, dove si discute di una relazione del Comitato anarchico di Milano, che comunica la ricostituzione di alcuni gruppi anarchici in Italia. La casa di Fontenay-sous-Bois diviene inoltre un punto di riferimento sicuro per numerosi anarchici italiani, ma anche tedeschi e russi, che qui trovano ospitalit\u00e0 per lunghi periodi di tempo. La famiglia Gilioli partecipa all\u2019attivit\u00e0 politica dei fuoriusciti con entusiasmo, e se emerge la figura di Rivoluzio, anche altri fratelli non sono da meno: ad esempio Libero (Rovereto, 1905), partecipa con passione al movimento delle Legioni garibaldine. Muore per\u00f2 pochi anni dopo, nel 1927. Ma anche Onofrio Gilioli si impegna direttamente nel movimento. Nel 1933-34 partecipa alle iniziative della Federazione anarchica dei profughi italiani, facendo parte del Comitato federale. In ottobre risulta controllato periodicamente anche dalla polizia francese, assieme a oltre <span class=\"details\">trenta anarchici italiani residenti nella regione parigina. Nel 1935 \u00e8 attivo nella campagna contro le espulsioni dalla Francia, che hanno colpito molti anarchici italiani. All\u2019inizio del 1937 \u00e8 nominato membro del Comitato pro-Spagna di Parigi. Poche settimane dopo parte per\u00f2 per la Spagna, dove si trovano i figli Rivoluzio, Equo (Rovereto, 1910) \u2013 il primo a partire della famiglia Gilioli, che \u00e8 diventato l\u2019autista del comandante della Sezione Italiana della Colonna \u201cAscaso\u201d CNT-FAIb \u2013 e Siberia (Rovereto, 1908). <\/span><\/p><\/blockquote>\n","protected":false},"excerpt":{"rendered":"<p>Le 1er janvier 2017 Le Parisien publiait un article intitul\u00e9 \u00abFontenay : une famille d&rsquo;anarchistes italiens gagne ses lettres de noblesse\u00bb. Il fait suite \u00e0 une publication, dans l&rsquo;Almanach 2017 de la commune de Fontenay-sous-Bois, de quelques \u00e9l\u00e9ments biographiques sur\u00a0 la famille Giglioli, dont un membre, Ribelle, 93 ans, habite\u00a0 toujours dans cette commune de [&hellip;]<\/p>\n","protected":false},"author":2,"featured_media":0,"comment_status":"open","ping_status":"open","sticky":false,"template":"","format":"standard","meta":{"footnotes":""},"categories":[13],"tags":[448,447],"_links":{"self":[{"href":"http:\/\/atelierdecreationlibertaire.com\/blogs1\/anarchistes-italiens\/wp-json\/wp\/v2\/posts\/670"}],"collection":[{"href":"http:\/\/atelierdecreationlibertaire.com\/blogs1\/anarchistes-italiens\/wp-json\/wp\/v2\/posts"}],"about":[{"href":"http:\/\/atelierdecreationlibertaire.com\/blogs1\/anarchistes-italiens\/wp-json\/wp\/v2\/types\/post"}],"author":[{"embeddable":true,"href":"http:\/\/atelierdecreationlibertaire.com\/blogs1\/anarchistes-italiens\/wp-json\/wp\/v2\/users\/2"}],"replies":[{"embeddable":true,"href":"http:\/\/atelierdecreationlibertaire.com\/blogs1\/anarchistes-italiens\/wp-json\/wp\/v2\/comments?post=670"}],"version-history":[{"count":9,"href":"http:\/\/atelierdecreationlibertaire.com\/blogs1\/anarchistes-italiens\/wp-json\/wp\/v2\/posts\/670\/revisions"}],"predecessor-version":[{"id":753,"href":"http:\/\/atelierdecreationlibertaire.com\/blogs1\/anarchistes-italiens\/wp-json\/wp\/v2\/posts\/670\/revisions\/753"}],"wp:attachment":[{"href":"http:\/\/atelierdecreationlibertaire.com\/blogs1\/anarchistes-italiens\/wp-json\/wp\/v2\/media?parent=670"}],"wp:term":[{"taxonomy":"category","embeddable":true,"href":"http:\/\/atelierdecreationlibertaire.com\/blogs1\/anarchistes-italiens\/wp-json\/wp\/v2\/categories?post=670"},{"taxonomy":"post_tag","embeddable":true,"href":"http:\/\/atelierdecreationlibertaire.com\/blogs1\/anarchistes-italiens\/wp-json\/wp\/v2\/tags?post=670"}],"curies":[{"name":"wp","href":"https:\/\/api.w.org\/{rel}","templated":true}]}}