{"id":862,"date":"2023-11-26T23:19:41","date_gmt":"2023-11-26T21:19:41","guid":{"rendered":"http:\/\/atelierdecreationlibertaire.com\/blogs1\/anarchistes-italiens\/?p=862"},"modified":"2023-11-27T00:15:46","modified_gmt":"2023-11-26T22:15:46","slug":"internationalistes-et-anarchistes-quelle-circulation-et-quelles-convergences","status":"publish","type":"post","link":"http:\/\/atelierdecreationlibertaire.com\/blogs1\/anarchistes-italiens\/2023\/11\/26\/internationalistes-et-anarchistes-quelle-circulation-et-quelles-convergences\/","title":{"rendered":"Internationalistes et anarchistes. Quelle circulation et quelles convergences\u00a0?"},"content":{"rendered":"<p><strong><img decoding=\"async\" class=\"alignleft\" src=\"http:\/\/atelierdecreationlibertaire.com\/blogs1\/anarchistes-italiens\/wp-content\/uploads\/Image1.png\" \/>S\u00e9minaire commun CERAPS Lille \u2013 ReSO Universit\u00e9 Paul-Val\u00e9ry Montpellier 3<\/strong><\/p>\n<p>Ce s\u00e9minaire porte sur la circulation des personnes et des id\u00e9es internationalistes et anarchistes, depuis la fin du XIX<sup>e<\/sup> si\u00e8cle jusqu\u2019\u00e0 aujourd\u2019hui. Une s\u00e9ance avec deux intervenant.es est organis\u00e9e chaque ann\u00e9e, de 2022 \u00e0 2026. Le s\u00e9minaire se conclura en 2027 avec l\u2019organisation d\u2019un colloque. L\u2019ensemble de ces manifestations est co-organis\u00e9 par l\u2019\u00e9quipe ReSO de l\u2019universit\u00e9 Paul-Val\u00e9ry Montpellier et le CERAPS de l\u2019universit\u00e9 de Lille.<br \/>\nL\u2019objectif de ce s\u00e9minaire est d\u2019\u00e9tudier la fa\u00e7on dont circulent les personnes et les id\u00e9es et dont se constituent des groupes d\u2019influence et d\u2019action en lien avec les id\u00e9es internationalistes et anarchistes. Dans ce contexte, qui se caract\u00e9rise par une surveillance polici\u00e8re et \u00e9tatique permanente, la fluidit\u00e9 et la variation sont toujours de mise, mais les facteurs qui favorisent les \u00e9changes peuvent diff\u00e9rer, selon les contextes, les p\u00e9riodes, les modalit\u00e9s d\u2019organisation. Ces facteurs sont d\u2019autant plus difficiles \u00e0 d\u00e9terminer que les mutations, au sein des groupes internationalistes et anarchistes, sont complexes, constantes et rapides.<!--more--><br \/>\n\u00c0 partir de ce constat, le s\u00e9minaire propose diff\u00e9rentes approches, \u00e0 des \u00e9poques diverses, dans des r\u00e9alit\u00e9s culturelles et politiques diff\u00e9rentes et surtout dans les espaces qui se cr\u00e9ent en cas de mouvements entre diff\u00e9rentes r\u00e9alit\u00e9s. Il s\u2019agira de\u00a0:<\/p>\n<ul>\n<li>reconstruire les parcours de personnes dont l\u2019influence d\u00e9passe leur aire linguistique<\/li>\n<li>\u00e9tudier la presse anarchiste allophone<\/li>\n<li>\u00e9tudier le fonctionnement des personnes et groupes qui, sans se d\u00e9placer, servent de relais<\/li>\n<li>\u00e9tudier les r\u00e9percussions de la question des nationalit\u00e9s, de plus en plus pr\u00e9gnante \u00e0 partir de la fin du XIX<sup>e<\/sup> si\u00e8cle, sur les internationalistes et les anarchistes<\/li>\n<li>observer les effets des d\u00e9placements, forc\u00e9s ou choisis, sur la circulation des id\u00e9es pour contribuer \u00e0 la cartographie des d\u00e9placements des anarchistes selon les \u00e9poques et \u00e0 la cartographie des diff\u00e9rentes tendances politiques<\/li>\n<li>observer la fa\u00e7on dont les groupes se font et se d\u00e9font<\/li>\n<li>observer l\u2019influence des organisations (f\u00e9d\u00e9rations, comit\u00e9s\u2026) sur la circulation des id\u00e9es<\/li>\n<li>analyser les pratiques linguistiques et de traduction dans la presse et dans les pratiques d\u2019\u00e9criture des anarchistes<\/li>\n<\/ul>\n<p>Contact\u00a0: <a href=\"mailto:isabelle.felici@univ-montp3.fr\">isabelle.felici@univ-montp3.fr<\/a> et <a href=\"mailto:sidonie.verhaege@univ-lille.fr\">sidonie.verhaege@univ-lille.fr<\/a><\/p>\n<p>22 septembre 2022 <a href=\"http:\/\/atelierdecreationlibertaire.com\/blogs1\/anarchistes-italiens\/2023\/11\/26\/internationalistes-et-anarchistes-quelle-circulation-et-quelles-convergences-3\/\">Premi\u00e8re s\u00e9ance: mobilit\u00e9s transnationales<\/a><br \/>\n25 janvier 2024 <a href=\"http:\/\/atelierdecreationlibertaire.com\/blogs1\/anarchistes-italiens\/2023\/11\/26\/internationalistes-et-anarchistes-quelle-circulation-et-quelles-convergences-2\/\">Deuxi\u00e8me s\u00e9ance: passeurs et m\u00e9diateurs<\/a><br \/>\nAutomne 2024 Troisi\u00e8me s\u00e9ance: lieux et espaces<br \/>\nAutomne 2025 Quatri\u00e8me s\u00e9ance: circulation des symboles et pratiques culturelles<br \/>\nAutomne 2026 Cinqui\u00e8me s\u00e9ance: circulation des th\u00e9ories et appropriations des id\u00e9es<br \/>\n2027 <a href=\"http:\/\/atelierdecreationlibertaire.com\/blogs1\/anarchistes-italiens\/2023\/11\/27\/sacco-et-vanzetti-1927-2027-colloque-international\/\" target=\"_blank\" rel=\"noopener\">Colloque Sacco et Vanzetti<\/a><\/p>\n<p>&nbsp;<\/p>\n","protected":false},"excerpt":{"rendered":"<p>S\u00e9minaire commun CERAPS Lille \u2013 ReSO Universit\u00e9 Paul-Val\u00e9ry Montpellier 3 Ce s\u00e9minaire porte sur la circulation des personnes et des id\u00e9es internationalistes et anarchistes, depuis la fin du XIXe si\u00e8cle jusqu\u2019\u00e0 aujourd\u2019hui. Une s\u00e9ance avec deux intervenant.es est organis\u00e9e chaque ann\u00e9e, de 2022 \u00e0 2026. Le s\u00e9minaire se conclura en 2027 avec l\u2019organisation d\u2019un colloque. [&hellip;]<\/p>\n","protected":false},"author":2,"featured_media":0,"comment_status":"open","ping_status":"open","sticky":false,"template":"","format":"standard","meta":{"footnotes":""},"categories":[13],"tags":[],"_links":{"self":[{"href":"http:\/\/atelierdecreationlibertaire.com\/blogs1\/anarchistes-italiens\/wp-json\/wp\/v2\/posts\/862"}],"collection":[{"href":"http:\/\/atelierdecreationlibertaire.com\/blogs1\/anarchistes-italiens\/wp-json\/wp\/v2\/posts"}],"about":[{"href":"http:\/\/atelierdecreationlibertaire.com\/blogs1\/anarchistes-italiens\/wp-json\/wp\/v2\/types\/post"}],"author":[{"embeddable":true,"href":"http:\/\/atelierdecreationlibertaire.com\/blogs1\/anarchistes-italiens\/wp-json\/wp\/v2\/users\/2"}],"replies":[{"embeddable":true,"href":"http:\/\/atelierdecreationlibertaire.com\/blogs1\/anarchistes-italiens\/wp-json\/wp\/v2\/comments?post=862"}],"version-history":[{"count":9,"href":"http:\/\/atelierdecreationlibertaire.com\/blogs1\/anarchistes-italiens\/wp-json\/wp\/v2\/posts\/862\/revisions"}],"predecessor-version":[{"id":920,"href":"http:\/\/atelierdecreationlibertaire.com\/blogs1\/anarchistes-italiens\/wp-json\/wp\/v2\/posts\/862\/revisions\/920"}],"wp:attachment":[{"href":"http:\/\/atelierdecreationlibertaire.com\/blogs1\/anarchistes-italiens\/wp-json\/wp\/v2\/media?parent=862"}],"wp:term":[{"taxonomy":"category","embeddable":true,"href":"http:\/\/atelierdecreationlibertaire.com\/blogs1\/anarchistes-italiens\/wp-json\/wp\/v2\/categories?post=862"},{"taxonomy":"post_tag","embeddable":true,"href":"http:\/\/atelierdecreationlibertaire.com\/blogs1\/anarchistes-italiens\/wp-json\/wp\/v2\/tags?post=862"}],"curies":[{"name":"wp","href":"https:\/\/api.w.org\/{rel}","templated":true}]}}