{"id":910,"date":"2023-11-27T00:02:32","date_gmt":"2023-11-26T22:02:32","guid":{"rendered":"http:\/\/atelierdecreationlibertaire.com\/blogs1\/anarchistes-italiens\/?p=910"},"modified":"2023-11-27T00:03:50","modified_gmt":"2023-11-26T22:03:50","slug":"sacco-et-vanzetti-1927-2027-colloque-international","status":"publish","type":"post","link":"http:\/\/atelierdecreationlibertaire.com\/blogs1\/anarchistes-italiens\/2023\/11\/27\/sacco-et-vanzetti-1927-2027-colloque-international\/","title":{"rendered":"Sacco et Vanzetti 1927-2027 Colloque international"},"content":{"rendered":"<p><strong>\u00a0<\/strong><\/p>\n<p><img decoding=\"async\" class=\"alignleft\" src=\"http:\/\/atelierdecreationlibertaire.com\/blogs1\/anarchistes-italiens\/wp-content\/uploads\/Image1.png\" \/><strong>Colloque international Sacco et Vanzetti 1927-2027 Universit\u00e9 Paul-Val\u00e9ry Montpellier 3<\/strong><\/p>\n<p>Entre 1920 et 1927, Nicola Sacco et Bartolomeo Vanzetti, deux immigr\u00e9s destin\u00e9s \u00e0 rester anonymes comme des millions d\u2019Italiens qui ont rejoint les \u00c9tats-Unis, connaissent pourtant une c\u00e9l\u00e9brit\u00e9 \u00e0 l\u2019\u00e9chelle plan\u00e9taire. Leur arrestation, leurs proc\u00e8s et leur ex\u00e9cution mobilisent la sc\u00e8ne internationale. De tous les c\u00f4t\u00e9s, on demande la gr\u00e2ce de Nick et Bart\u00a0: au sein des organisations politiques de tout bord \u2013 Benito Mussolini lui-m\u00eame formule la demande \u2013, des \u00e9lites intellectuelles \u2013 Simone de Beauvoir rapporte qu\u2019un de ses premiers actes politiques fut de signer la p\u00e9tition \u2013 et dans les mouvements sociaux en g\u00e9n\u00e9ral. <!--more-->Jusqu\u2019au jour de l\u2019ex\u00e9cution, les manifestations remplissent les rues et les places dans le monde entier, puis l\u2019affaire sort peu \u00e0 peu des m\u00e9moires, sauf dans les milieux libertaires o\u00f9 Sacco et Vanzetti rejoignent la longue liste de militants anarchistes morts pour leur id\u00e9al. Un tournant survient dans les ann\u00e9es 1970, avec le film de Giuliano Montaldo, <em>Sacco et Vanzetti<\/em>, 1971, dont le succ\u00e8s remet l\u2019affaire sur le devant de la sc\u00e8ne, conduisant \u00e0 la r\u00e9habilitation de Sacco et Vanzetti par Michael Dukakis, gouverneur du Massachussetts (1977). Le parall\u00e8le a m\u00eame \u00e9t\u00e9 fait avec l\u2019affaire Dreyfus, \u00e9tant donn\u00e9 la fa\u00e7on dont les deux hommes se sont retrouv\u00e9s pris au pi\u00e8ge du syst\u00e8me judiciaire et politique \u00e9tats-unien. De nos jours, l\u2019int\u00e9r\u00eat pour Sacco et Vanzetti continue de se manifester, y compris pour le grand public : de la BD \u00e0 l\u2019op\u00e9ra, il n\u2019est pas un domaine de cr\u00e9ation artistique qui ne se soit empar\u00e9 de l\u2019affaire, musique, th\u00e9\u00e2tre, chanson, litt\u00e9rature, dessin de presse, BD, arts plastiques. On constate aussi que, y compris dans la grande presse, l\u2019affaire Sacco et Vanzetti est devenue un \u00ab marronnier \u00bb, autour du 23 ao\u00fbt, date anniversaire de l\u2019ex\u00e9cution.<br \/>\nLes interventions pourront entrer dans diff\u00e9rents domaines disciplinaires, en privil\u00e9giant une approche comparative et transnationale, et pourront porter sur la mobilisation en acte il y a un si\u00e8cle et\/ou sur la \u00ab mise en m\u00e9moire \u00bb de l\u2019affaire Sacco et Vanzetti.<br \/>\nLa campagne s\u2019est-elle organis\u00e9e selon des dynamiques comparables d\u2019un pays \u00e0 l\u2019autre, voire d\u2019une r\u00e9gion \u00e0 l\u2019autre\u00a0? La pr\u00e9sence ou non d\u2019une forte immigration italienne a-t-elle influenc\u00e9 les modalit\u00e9s d\u2019organisation de la campagne\u00a0? La campagne s\u2019est-elle construite selon des sch\u00e9mas, sociaux et politiques, d\u2019une tradition d\u00e9j\u00e0 \u00e9tablie\u00a0? Selon les langues et les pays, comment la presse, militante et non militante, a-t-elle trait\u00e9 les diff\u00e9rentes phases de l\u2019affaire (arrestation, proc\u00e8s, campagne, ex\u00e9cution)\u00a0? En fonction des formes artistiques qu\u2019ont pu prendre la campagne et la \u00ab\u00a0mise en m\u00e9moire\u00a0\u00bb de l\u2019affaire, au fil du temps et selon les espaces, quel est le poids de la question politique par rapport \u00e0 la question judiciaire\u00a0? Au-del\u00e0 de l\u2019ex\u00e9cution de deux militants anarchistes, est-ce que les cr\u00e9ations artistiques participant \u00e0 leur \u00ab\u00a0mise en m\u00e9moire\u00a0\u00bb ont re-politis\u00e9 des questions li\u00e9es \u00e0 l\u2019anarchisme, ou leur port\u00e9e politique a-t-elle eu tendance \u00e0 \u00e9voluer, voire \u00e0 se perdre\u00a0?<\/p>\n<p>Voir l&rsquo;<a href=\"https:\/\/www.fabula.org\/actualites\/113871\/sacco-et-vanzetti-1927-2027.html\" target=\"_blank\" rel=\"noopener\">appel \u00e0 communication<\/a>.<\/p>\n","protected":false},"excerpt":{"rendered":"<p>\u00a0 Colloque international Sacco et Vanzetti 1927-2027 Universit\u00e9 Paul-Val\u00e9ry Montpellier 3 Entre 1920 et 1927, Nicola Sacco et Bartolomeo Vanzetti, deux immigr\u00e9s destin\u00e9s \u00e0 rester anonymes comme des millions d\u2019Italiens qui ont rejoint les \u00c9tats-Unis, connaissent pourtant une c\u00e9l\u00e9brit\u00e9 \u00e0 l\u2019\u00e9chelle plan\u00e9taire. Leur arrestation, leurs proc\u00e8s et leur ex\u00e9cution mobilisent la sc\u00e8ne internationale. De tous [&hellip;]<\/p>\n","protected":false},"author":2,"featured_media":0,"comment_status":"open","ping_status":"open","sticky":false,"template":"","format":"standard","meta":{"footnotes":""},"categories":[13],"tags":[],"_links":{"self":[{"href":"http:\/\/atelierdecreationlibertaire.com\/blogs1\/anarchistes-italiens\/wp-json\/wp\/v2\/posts\/910"}],"collection":[{"href":"http:\/\/atelierdecreationlibertaire.com\/blogs1\/anarchistes-italiens\/wp-json\/wp\/v2\/posts"}],"about":[{"href":"http:\/\/atelierdecreationlibertaire.com\/blogs1\/anarchistes-italiens\/wp-json\/wp\/v2\/types\/post"}],"author":[{"embeddable":true,"href":"http:\/\/atelierdecreationlibertaire.com\/blogs1\/anarchistes-italiens\/wp-json\/wp\/v2\/users\/2"}],"replies":[{"embeddable":true,"href":"http:\/\/atelierdecreationlibertaire.com\/blogs1\/anarchistes-italiens\/wp-json\/wp\/v2\/comments?post=910"}],"version-history":[{"count":5,"href":"http:\/\/atelierdecreationlibertaire.com\/blogs1\/anarchistes-italiens\/wp-json\/wp\/v2\/posts\/910\/revisions"}],"predecessor-version":[{"id":918,"href":"http:\/\/atelierdecreationlibertaire.com\/blogs1\/anarchistes-italiens\/wp-json\/wp\/v2\/posts\/910\/revisions\/918"}],"wp:attachment":[{"href":"http:\/\/atelierdecreationlibertaire.com\/blogs1\/anarchistes-italiens\/wp-json\/wp\/v2\/media?parent=910"}],"wp:term":[{"taxonomy":"category","embeddable":true,"href":"http:\/\/atelierdecreationlibertaire.com\/blogs1\/anarchistes-italiens\/wp-json\/wp\/v2\/categories?post=910"},{"taxonomy":"post_tag","embeddable":true,"href":"http:\/\/atelierdecreationlibertaire.com\/blogs1\/anarchistes-italiens\/wp-json\/wp\/v2\/tags?post=910"}],"curies":[{"name":"wp","href":"https:\/\/api.w.org\/{rel}","templated":true}]}}