{"id":97,"date":"2009-10-13T11:15:20","date_gmt":"2009-10-13T09:15:20","guid":{"rendered":"http:\/\/atelierdecreationlibertaire.com\/blogs\/anarchistes-italiens\/?p=97"},"modified":"2011-07-15T01:22:42","modified_gmt":"2011-07-14T23:22:42","slug":"giovanni-pascoli-rend-hommage-a-francisco-ferrer","status":"publish","type":"post","link":"http:\/\/atelierdecreationlibertaire.com\/blogs1\/anarchistes-italiens\/2009\/10\/13\/giovanni-pascoli-rend-hommage-a-francisco-ferrer\/","title":{"rendered":"Giovanni Pascoli rend hommage \u00e0 Francisco Ferrer"},"content":{"rendered":"<p style=\"text-align: justify\">En cette p\u00e9riode de comm\u00e9moration de Francisco Ferrer (ex\u00e9cut\u00e9 le 13 octobre 1909), il pourrait ne pas \u00eatre inutile de (re)proposer la lecture d&rsquo;un texte peu connu, pourtant largement diffus\u00e9 d\u00e8s le 14 octobre 1909. Il s&rsquo;agit d&rsquo;une \u00e9pigraphe r\u00e9dig\u00e9e par le po\u00e8te Giovanni Pascoli, \u00ab\u00a0tr\u00e8s affect\u00e9 qu&rsquo;\u00e0 Barcelone, les pr\u00eatres aient fait fusiller un brave homme qui voulait faire de la propagande pour les \u00e9coles, pour supprimer l&rsquo;inf\u00e2me domination cl\u00e9ricale\u00a0\u00bb. Sous le format d&rsquo;une carte postale comportant \u00e9galement un portrait de Ferrer (\u00ab\u00a0un homme de presque soixante ans\u00a0\u00bb, souligne le po\u00e8te dans un \u00e9lan d&rsquo;identification), le texte circule surtout \u00e0 Bologne, o\u00f9 Pascoli est, \u00e0 l&rsquo;universit\u00e9, titulaire de la prestigieuse chaire de litt\u00e9rature italienne. Le texte est \u00e9galement publi\u00e9 le 16 octobre dans un journal populaire intitul\u00e9 <em>La Rana<\/em>.<br \/>\n<!--more-->Les biographies de Pascoli \u00e9voquent rarement cet \u00e9pisode de la vie du po\u00e8te, pas m\u00eame la r\u00e9cente biographie critique d&rsquo;Alice Cencetti (2009), et nous devons toutes ces indications \u00e0\u00a0 Augusto Vicinelli (Maria Pascoli\/Augusto Vicinelli, <em>Lungo la vita di Giovanni Pascoli<\/em>, Milan, Mondadori, 1961, <a href=\"http:\/\/www.classicitaliani.it\/index228.htm\">consultable en ligne<\/a>), qui nous donne le texte presque complet de l&rsquo;\u00e9pigraphe, que nous reproduisons ici avec notre traduction:<\/p>\n<blockquote>\n<p style=\"text-align: center\">Uno scoppio di fucili [&#8230;]<br \/>\necheggi\u00f2 nelle scuole della terra<br \/>\nrimbomb\u00f2 nelle officine del mondo:<br \/>\ne i pensatori levarono gli occhi dal libro<br \/>\ne i lavoratori alzarono il pugno dall&rsquo;incudine<br \/>\ne si volsero al tramonto<br \/>\ndove era bagliore di fiamma e odor di roghi<br \/>\nFRANCISCO FERRER<br \/>\nera l\u00e0, caduto in un tetro fossato [&#8230;]<br \/>\nStringetevi l&rsquo;uno all&rsquo;altro avanti questo martirio<br \/>\n<em>o Pensiero e Lavoro Umani!<br \/>\n<\/em>Quelli che Ferrer non pot\u00e8 redimere con la parola<br \/>\nli redima col suo sangue!<\/p>\n<p style=\"text-align: right\"><em>Giovanni Pascoli<\/em><\/p>\n<\/blockquote>\n<p style=\"text-align: center\">\n<p style=\"text-align: center\">\n<p style=\"text-align: center\">L&rsquo;\u00e9cho de coups de fusils [&#8230;]<br \/>\nr\u00e9sonna dans toutes les \u00e9coles de la terre<br \/>\nretentit dans les ateliers du monde entier :<br \/>\net les penseurs lev\u00e8rent les yeux de leur livre<br \/>\net les travailleurs lev\u00e8rent leur poing de l&rsquo;enclume<br \/>\net ils se tourn\u00e8rent vers le couchant<br \/>\nd&rsquo;o\u00f9 provenaient la lueur d&rsquo;une flamme et l&rsquo;odeur de feux<br \/>\nFRANCISCO FERRER<br \/>\n\u00e9tait l\u00e0, tomb\u00e9 dans un sombre foss\u00e9 [&#8230;]<br \/>\nRapprochez-vous l&rsquo;un de l&rsquo;autre devant ce martyre<br \/>\n<em>\u00f4 Pens\u00e9e et Travail Humains !<br \/>\n<\/em>Que ceux que Ferrer ne put lib\u00e9rer par la parole<br \/>\nsoient lib\u00e9r\u00e9s par son sang!<\/p>\n<p style=\"text-align: justify\">Ces quelques lignes compos\u00e9es trente ans apr\u00e8s que le po\u00e8te a renonc\u00e9 \u00e0 militer dans les rangs du socialisme anarchiste n&rsquo;ont rien \u00e0 envier aux hymnes et po\u00e9sies de propagande qu&rsquo;il \u00e9crivait dans sa jeunesse et qui commencent \u00e0 \u00eatre exhum\u00e9s (Voir par exemple http:\/\/osdir.com\/ml\/culture.internet.rekombinant\/2006-10\/msg00029.html). Elles pourraient aussi permettre de lire avec d&rsquo;autres yeux le texte beaucoup plus connu, r\u00e9dig\u00e9 \u00e0 peine deux ann\u00e9es plus tard, en 1911,\u00a0 \u00ab\u00a0La grande proletaria si \u00e8 mossa\u00a0\u00bb. Pascoli y justifie l&rsquo;entreprise coloniale italienne en Libye, ce qui lui vaut parfois d&rsquo;\u00eatre consid\u00e9r\u00e9 comme un pr\u00e9curseur du fascisme, qui n&rsquo;avait pourtant pas l&rsquo;apanage des id\u00e9es colonialistes et nationalistes.<\/p>\n<p style=\"text-align: justify\">\n<p style=\"text-align: right\"><em><br \/>\n<\/em><\/p>\n<p style=\"text-align: justify\">\n","protected":false},"excerpt":{"rendered":"<p>En cette p\u00e9riode de comm\u00e9moration de Francisco Ferrer (ex\u00e9cut\u00e9 le 13 octobre 1909), il pourrait ne pas \u00eatre inutile de (re)proposer la lecture d&rsquo;un texte peu connu, pourtant largement diffus\u00e9 d\u00e8s le 14 octobre 1909. Il s&rsquo;agit d&rsquo;une \u00e9pigraphe r\u00e9dig\u00e9e par le po\u00e8te Giovanni Pascoli, \u00ab\u00a0tr\u00e8s affect\u00e9 qu&rsquo;\u00e0 Barcelone, les pr\u00eatres aient fait fusiller un [&hellip;]<\/p>\n","protected":false},"author":2,"featured_media":0,"comment_status":"open","ping_status":"open","sticky":false,"template":"","format":"standard","meta":{"footnotes":""},"categories":[13],"tags":[171,172,16],"_links":{"self":[{"href":"http:\/\/atelierdecreationlibertaire.com\/blogs1\/anarchistes-italiens\/wp-json\/wp\/v2\/posts\/97"}],"collection":[{"href":"http:\/\/atelierdecreationlibertaire.com\/blogs1\/anarchistes-italiens\/wp-json\/wp\/v2\/posts"}],"about":[{"href":"http:\/\/atelierdecreationlibertaire.com\/blogs1\/anarchistes-italiens\/wp-json\/wp\/v2\/types\/post"}],"author":[{"embeddable":true,"href":"http:\/\/atelierdecreationlibertaire.com\/blogs1\/anarchistes-italiens\/wp-json\/wp\/v2\/users\/2"}],"replies":[{"embeddable":true,"href":"http:\/\/atelierdecreationlibertaire.com\/blogs1\/anarchistes-italiens\/wp-json\/wp\/v2\/comments?post=97"}],"version-history":[{"count":20,"href":"http:\/\/atelierdecreationlibertaire.com\/blogs1\/anarchistes-italiens\/wp-json\/wp\/v2\/posts\/97\/revisions"}],"predecessor-version":[{"id":111,"href":"http:\/\/atelierdecreationlibertaire.com\/blogs1\/anarchistes-italiens\/wp-json\/wp\/v2\/posts\/97\/revisions\/111"}],"wp:attachment":[{"href":"http:\/\/atelierdecreationlibertaire.com\/blogs1\/anarchistes-italiens\/wp-json\/wp\/v2\/media?parent=97"}],"wp:term":[{"taxonomy":"category","embeddable":true,"href":"http:\/\/atelierdecreationlibertaire.com\/blogs1\/anarchistes-italiens\/wp-json\/wp\/v2\/categories?post=97"},{"taxonomy":"post_tag","embeddable":true,"href":"http:\/\/atelierdecreationlibertaire.com\/blogs1\/anarchistes-italiens\/wp-json\/wp\/v2\/tags?post=97"}],"curies":[{"name":"wp","href":"https:\/\/api.w.org\/{rel}","templated":true}]}}