{"id":1086,"date":"2010-08-21T11:53:25","date_gmt":"2010-08-21T09:53:25","guid":{"rendered":"http:\/\/atelierdecreationlibertaire.com\/blogs\/images-de-libertaires\/?p=1086"},"modified":"2010-08-21T14:52:32","modified_gmt":"2010-08-21T12:52:32","slug":"bartolome-flores-cano","status":"publish","type":"post","link":"http:\/\/atelierdecreationlibertaire.com\/blogs1\/images-de-libertaires\/bartolome-flores-cano-1086\/","title":{"rendered":"Bartolome Flores Cano"},"content":{"rendered":"<p>Corinne Garcia Flores, filles et petite-fille de militants anarchosyndicalistes espagnols, a r\u00e9agi suite \u00e0 une <a href=\"http:\/\/www.atelierdecreationlibertaire.com\/croix-rousse-alternative\/des-anarchistes-espagnols-ont-construit-le-tunnel-de-la-croix-rousse\/\">photo<\/a> que nous avions publi\u00e9 sur le blog <em>Ma Croix-Rousse [alternative]<\/em>. il s&rsquo;agit des mineurs qui avaient perc\u00e9 le tunnel de la Croix-Rousse et certains d&rsquo;entre eux \u00e9taient des anarchistes espagnols r\u00e9fugi\u00e9s en France.<\/p>\n<blockquote><p>Je viens de m&rsquo;apercevoir que vous aviez publi\u00e9 la photo  des mines de la Croix-Rousse, de mon grand-p\u00e8re Bartolome Flores Cano et de son  ami Andres Alonso et je vous en remercie. Dans les ann\u00e9es 1948-60, ils \u00e9taient deux piliers de Federica Monsteny. Le  grand ami de mon grand-p\u00e8re, l&rsquo;\u00e9crivain Pedro Flores Martinez, <em>el Malague\u00f1<\/em><em>o<\/em>, venait le chercher pour organiser les meetings de Federica \u00e0 Oullins (dans la banlieue lyonnaise) et c&rsquo;est ma m\u00e8re, Chorita, qui vendait les cocardes de la CNT. Ma m\u00e8re, Melchora Flores, \u00e9crivait  sous le pseudonyme de Chorita, aux <em>Juventudes Libertarias<\/em> de Clermond Ferrand, et c&rsquo;est Vicente Galindo, dit <a href=\"http:\/\/atelierdecreationlibertaire.com\/blogs1\/images-de-libertaires\/fontaura-206\/\"><em>Fontaura<\/em><\/a>,\u00a0 qui lui corrigeait ses articles et les envoyait pour \u00eatre \u00e9dit\u00e9 \u00e0 Alejandro Lamela.<\/p>\n<p>Federica Montseny appelait mon  grand-p\u00e8re \u00abmon Lyonnais\u00bb, car ils \u00e9taient deux Flores \u00e0 Lyon.<\/p><\/blockquote>\n<p>Nous nous sommes empress\u00e9s de recontacter Corinne, qui vit maintenant \u00e0 Barcelone, pour qu&rsquo;elle nous raconte plus de choses sur ces c\u00e9n\u00e9tistes r\u00e9fugi\u00e9s dans la r\u00e9gion lyonnaise. Voici sa r\u00e9ponse que nous publions avec les photos qu&rsquo;elle a bien voulu nous faire passer.<\/p>\n<blockquote><p>Sur la premi\u00e8re photo, ce sont  tous des enfants des mineurs de la Croix-Rousse, qui vivaient \u00e0 la cour des miracles, \u00e0 Vaise (quartier de Lyon) \u00e0  la Lib\u00e9ration.<\/p>\n<p><a href=\"http:\/\/atelierdecreationlibertaire.com\/blogs1\/images-de-libertaires\/wp-content\/uploads\/les-enfants-a-la-cour-des-miracles.jpg\" rel=\"lightbox[1086]\"><img loading=\"lazy\" decoding=\"async\" class=\"aligncenter size-medium wp-image-1093\" src=\"http:\/\/atelierdecreationlibertaire.com\/blogs1\/images-de-libertaires\/wp-content\/uploads\/les-enfants-a-la-cour-des-miracles-300x199.jpg\" alt=\"les-enfants-a-la-cour-des-miracles\" width=\"300\" height=\"199\" srcset=\"http:\/\/atelierdecreationlibertaire.com\/blogs1\/images-de-libertaires\/wp-content\/uploads\/les-enfants-a-la-cour-des-miracles-300x199.jpg 300w, http:\/\/atelierdecreationlibertaire.com\/blogs1\/images-de-libertaires\/wp-content\/uploads\/les-enfants-a-la-cour-des-miracles.jpg 700w\" sizes=\"(max-width: 300px) 100vw, 300px\" \/><\/a><\/p>\n<p>La petite fille \u00e0 droite, avec un n\u0153ud dans les cheveux,  c&rsquo;est ma m\u00e8re. Derri\u00e8re avec le b\u00e9ret, c&rsquo;est son fr\u00e8re, et l&rsquo;autre gar\u00e7on avec le b\u00e9ret, c est Andresine Perrez. Cette photo \u00e0 un sens car le tunnel de la Croix-Rousse a \u00e9t\u00e9 endeuill\u00e9 le jour de son inauguration. Ils ont trouve le p\u00e8re de\u00a0ce gar\u00e7on, Francisco Perrez, compl\u00e8tement d\u00e9capit\u00e9 dans les rails. Il a laiss\u00e9 une  compagne, Rosa, notre amie gitane, veuve avec 6 enfants. Pour conna\u00eetre le jour de  l&rsquo;inauguration du tunnel, il faut aller sur la tombe de Franscico Perrez, au cimeti\u00e8re de Loyasse, mais\u00a0 c&rsquo;\u00e9tait entre 1951 et 1952 (le 20 avril 1952, voir <a href=\"http:\/\/www.ina.fr\/economie-et-societe\/vie-economique\/video\/AFE85004529\/monsieur-antoine-pinay-inaugure-le-tunnel-de-la-croix-rousse.fr.html\">la vid\u00e9o de l&rsquo;INA<\/a>). Ils ont dit \u00e0 Rosa que c&rsquo;\u00e9tait  un accident\u00a0afin de l&rsquo;\u00e9pargner, mais,\u00a0 pour tous les mineurs aussi bien fran\u00e7ais  qu&rsquo;espagnols, ce n&rsquo;en \u00e9tait pas un accident, Francisco Perrez avait \u00e9t\u00e9 assassin\u00e9 \u00e0  cause de ses id\u00e9es. Il \u00e9tait aussi anarchiste, et le fils a\u00een\u00e9 de Rosa, Antonio  Flores avait \u00e9t\u00e9 dans la R\u00e9sistance avec mon grand-p\u00e8re.<\/p>\n<p><a href=\"http:\/\/atelierdecreationlibertaire.com\/blogs1\/images-de-libertaires\/wp-content\/uploads\/bartolome-flores-cano.jpg\" rel=\"lightbox[1086]\"><img loading=\"lazy\" decoding=\"async\" class=\"aligncenter size-medium wp-image-1088\" src=\"http:\/\/atelierdecreationlibertaire.com\/blogs1\/images-de-libertaires\/wp-content\/uploads\/bartolome-flores-cano-199x300.jpg\" alt=\"bartolome-flores-cano\" width=\"199\" height=\"300\" srcset=\"http:\/\/atelierdecreationlibertaire.com\/blogs1\/images-de-libertaires\/wp-content\/uploads\/bartolome-flores-cano-199x300.jpg 199w, http:\/\/atelierdecreationlibertaire.com\/blogs1\/images-de-libertaires\/wp-content\/uploads\/bartolome-flores-cano.jpg 399w\" sizes=\"(max-width: 199px) 100vw, 199px\" \/><\/a><br \/>\nSur la deuxi\u00e8me photo,  mon grand-p\u00e8re Bartolome Flores Cano, en 1948.<\/p>\n<p><a href=\"http:\/\/atelierdecreationlibertaire.com\/blogs1\/images-de-libertaires\/wp-content\/uploads\/chorita-a-la-baraque-de-villeurbanne.jpg\" rel=\"lightbox[1086]\"><img loading=\"lazy\" decoding=\"async\" class=\"aligncenter size-medium wp-image-1090\" src=\"http:\/\/atelierdecreationlibertaire.com\/blogs1\/images-de-libertaires\/wp-content\/uploads\/chorita-a-la-baraque-de-villeurbanne-219x300.jpg\" alt=\"chorita-a-la-baraque-de-villeurbanne\" width=\"219\" height=\"300\" srcset=\"http:\/\/atelierdecreationlibertaire.com\/blogs1\/images-de-libertaires\/wp-content\/uploads\/chorita-a-la-baraque-de-villeurbanne-219x300.jpg 219w, http:\/\/atelierdecreationlibertaire.com\/blogs1\/images-de-libertaires\/wp-content\/uploads\/chorita-a-la-baraque-de-villeurbanne.jpg 438w\" sizes=\"(max-width: 219px) 100vw, 219px\" \/><\/a><br \/>\nLa troisi\u00e8me photo, c&rsquo;est ma m\u00e8re  Melchora Flores, \u00e0 l&rsquo;\u00e9poque o\u00f9 mon grand-p\u00e8re \u00e9tait tr\u00e9sorier de la CNT, \u00e0 la  Baraque de Villeurbanne. Il faisait venir un po\u00e8te gitan, Monsieur Flores de la  Croix-Rousse, afin de lire aux jeunes des Jeunesses libertaires des po\u00e8mes de Federico Garcia Lorca. A cette \u00e9poque, entre 1952 et 1959, les Jeunesses libertaires tenaient ses r\u00e9unions tous les jeudis \u00e0 la Baraque.<\/p>\n<p><a href=\"http:\/\/atelierdecreationlibertaire.com\/blogs1\/images-de-libertaires\/wp-content\/uploads\/gira-rolando-sternini-et-au-fond-accroupi-a-gauche-bartolome-flores-cano.jpg\" rel=\"lightbox[1086]\"><img loading=\"lazy\" decoding=\"async\" class=\"aligncenter size-medium wp-image-1091\" src=\"http:\/\/atelierdecreationlibertaire.com\/blogs1\/images-de-libertaires\/wp-content\/uploads\/gira-rolando-sternini-et-au-fond-accroupi-a-gauche-bartolome-flores-cano-300x211.jpg\" alt=\"gira-rolando-sternini-et-au-fond-accroupi-a-gauche-bartolome-flores-cano\" width=\"300\" height=\"211\" srcset=\"http:\/\/atelierdecreationlibertaire.com\/blogs1\/images-de-libertaires\/wp-content\/uploads\/gira-rolando-sternini-et-au-fond-accroupi-a-gauche-bartolome-flores-cano-300x211.jpg 300w, http:\/\/atelierdecreationlibertaire.com\/blogs1\/images-de-libertaires\/wp-content\/uploads\/gira-rolando-sternini-et-au-fond-accroupi-a-gauche-bartolome-flores-cano.jpg 700w\" sizes=\"(max-width: 300px) 100vw, 300px\" \/><\/a><br \/>\nLa quatri\u00e8me photo a \u00e9t\u00e9 prise lors d&rsquo;une sortie de la <em>Gira<\/em>. L&rsquo;homme allong\u00e9 torse nu est le grand ami de mon grand-p\u00e8re, un italien nomm\u00e9 Rolando Sternini qui, entre 1935 et 1936, avait abandonn\u00e9 l&rsquo;Italie pour combattre  du c\u00f4t\u00e9 des r\u00e9publicains espagnols <em>(voir aussi les <a href=\"http:\/\/gimenologues.org\/spip.php?article387\">Gimenologues<\/a>)<\/em>. Il est d\u00e9c\u00e9d\u00e9 aux alentours de 1970, au fort Saint Ir\u00e9n\u00e9e,\u00a0 \u00e0 Saint-Just. Accroupi, au fond, mon grand-p\u00e8re Bartolome Flores Cano.<\/p>\n<p><a href=\"http:\/\/atelierdecreationlibertaire.com\/blogs1\/images-de-libertaires\/wp-content\/uploads\/chorita-a-l-epoque-de-la-jeunesse-libertaire-de-clermont-f.jpg\" rel=\"lightbox[1086]\"><img loading=\"lazy\" decoding=\"async\" class=\"aligncenter size-medium wp-image-1089\" src=\"http:\/\/atelierdecreationlibertaire.com\/blogs1\/images-de-libertaires\/wp-content\/uploads\/chorita-a-l-epoque-de-la-jeunesse-libertaire-de-clermont-f-300x231.jpg\" alt=\"chorita-a-l-epoque-de-la-jeunesse-libertaire-de-clermont-f\" width=\"300\" height=\"231\" srcset=\"http:\/\/atelierdecreationlibertaire.com\/blogs1\/images-de-libertaires\/wp-content\/uploads\/chorita-a-l-epoque-de-la-jeunesse-libertaire-de-clermont-f-300x231.jpg 300w, http:\/\/atelierdecreationlibertaire.com\/blogs1\/images-de-libertaires\/wp-content\/uploads\/chorita-a-l-epoque-de-la-jeunesse-libertaire-de-clermont-f.jpg 700w\" sizes=\"(max-width: 300px) 100vw, 300px\" \/><\/a><\/p>\n<p>Et, sur la derni\u00e8re photo, on voit ma m\u00e8re \u00e0 l&rsquo;\u00e9poque o\u00f9 elle \u00e9crivait dans le journal d&rsquo;Abel Paz, \u00e0 Clermon-Ferrand, sous le  pseudonyme de Chorita.<br \/>\n<a href=\"http:\/\/losdelasierra.info\/spip.php?article2594\">Los de la Sierra<\/a> publie une\u00a0 fiche sur l&rsquo;ami de mon grand-p\u00e8re, Pedro Flores Martinez,\u00a0 <em>el malague\u00f1o<\/em>. Ils se connaissaient depuis 1932 \u00e0 Manresa (province de Barcelone).  Lui et mon grand-p\u00e8re organisaient des r\u00e9unions secr\u00e8tes \u00e0 Oullins, entre  autre\u00a0afin de faire passer des Espagnols en Fance. On trouvera aussi une fiche sur mon grand-p\u00e8re dans le <a href=\"http:\/\/militants-anarchistes.info\/spip.php?article1748\">Dictionnaire international des militants anarchistes<\/a>.<\/p>\n<p>Voila pour  infos et encore bravo pour tout ce que vous faites.<br \/>\nFraternellement<br \/>\nCorinne  Garcia Flores<\/p><\/blockquote>\n<p>Pour finir, Corinne a ajout\u00e9 deux autres photos de sa famille.<\/p>\n<p><a href=\"http:\/\/atelierdecreationlibertaire.com\/blogs1\/images-de-libertaires\/wp-content\/uploads\/a-droite-bartolome-flores-a-gauche-chorita-flores-et-derriere-elle-juana-alonso-epouse-flores.jpg\" rel=\"lightbox[1086]\"><img loading=\"lazy\" decoding=\"async\" class=\"aligncenter size-medium wp-image-1087\" src=\"http:\/\/atelierdecreationlibertaire.com\/blogs1\/images-de-libertaires\/wp-content\/uploads\/a-droite-bartolome-flores-a-gauche-chorita-flores-et-derriere-elle-juana-alonso-epouse-flores-300x209.jpg\" alt=\"a-droite-bartolome-flores-a-gauche-chorita-flores-et-derriere-elle-juana-alonso-epouse-flores\" width=\"300\" height=\"209\" srcset=\"http:\/\/atelierdecreationlibertaire.com\/blogs1\/images-de-libertaires\/wp-content\/uploads\/a-droite-bartolome-flores-a-gauche-chorita-flores-et-derriere-elle-juana-alonso-epouse-flores-300x209.jpg 300w, http:\/\/atelierdecreationlibertaire.com\/blogs1\/images-de-libertaires\/wp-content\/uploads\/a-droite-bartolome-flores-a-gauche-chorita-flores-et-derriere-elle-juana-alonso-epouse-flores.jpg 700w\" sizes=\"(max-width: 300px) 100vw, 300px\" \/><\/a><\/p>\n<p style=\"text-align: left\">A droite, Bartolome Flores. A gauche, Chorita Flores et, derri\u00e8re elle, Juano Alonso, \u00e9pouse Flores.<\/p>\n<p><a href=\"http:\/\/atelierdecreationlibertaire.com\/blogs1\/images-de-libertaires\/wp-content\/uploads\/juana-alonso-epouse-flores-a-la-cour-des-miracles-avec-un-enfant-de-mineur-dans-les-bras.jpg\" rel=\"lightbox[1086]\"><img loading=\"lazy\" decoding=\"async\" class=\"aligncenter size-medium wp-image-1092\" src=\"http:\/\/atelierdecreationlibertaire.com\/blogs1\/images-de-libertaires\/wp-content\/uploads\/juana-alonso-epouse-flores-a-la-cour-des-miracles-avec-un-enfant-de-mineur-dans-les-bras-199x300.jpg\" alt=\"juana-alonso-epouse-flores-a-la-cour-des-miracles-avec-un-enfant-de-mineur-dans-les-bras\" width=\"199\" height=\"300\" srcset=\"http:\/\/atelierdecreationlibertaire.com\/blogs1\/images-de-libertaires\/wp-content\/uploads\/juana-alonso-epouse-flores-a-la-cour-des-miracles-avec-un-enfant-de-mineur-dans-les-bras-199x300.jpg 199w, http:\/\/atelierdecreationlibertaire.com\/blogs1\/images-de-libertaires\/wp-content\/uploads\/juana-alonso-epouse-flores-a-la-cour-des-miracles-avec-un-enfant-de-mineur-dans-les-bras.jpg 398w\" sizes=\"(max-width: 199px) 100vw, 199px\" \/><\/a>Juano Alonso, \u00e9pouse Flores, \u00e0 la cour des miracles avec un enfant de mineur dans les bras.<\/p>\n<div class=\"tweetthis\" style=\"text-align:left;\"><p> <a target=\"_blank\" rel=\"nofollow\" class=\"tt\" href=\"http:\/\/twitter.com\/home\/?status=Bartolome+Flores+Cano+https%3A%2F%2Ftinyurl.com%2Fyuy4vvxx\" title=\"Post to Twitter\"><img decoding=\"async\" class=\"nothumb\" src=\"http:\/\/atelierdecreationlibertaire.com\/blogs1\/images-de-libertaires\/wp-content\/plugins\/tweet-this\/icons\/en\/twitter\/tt-twitter-micro3.png\" alt=\"Post to Twitter\" \/><\/a><\/p><\/div>","protected":false},"excerpt":{"rendered":"<p>Corinne Garcia Flores, filles et petite-fille de militants anarchosyndicalistes espagnols, a r\u00e9agi suite \u00e0 une photo que nous avions publi\u00e9 sur le blog Ma Croix-Rousse [alternative]. il s&rsquo;agit des mineurs qui avaient perc\u00e9 le tunnel de la Croix-Rousse et certains d&rsquo;entre eux \u00e9taient des anarchistes espagnols r\u00e9fugi\u00e9s en France. Je viens de m&rsquo;apercevoir que vous &hellip; <\/p>\n<p class=\"link-more\"><a href=\"http:\/\/atelierdecreationlibertaire.com\/blogs1\/images-de-libertaires\/bartolome-flores-cano-1086\/\" class=\"more-link\">Continuer la lecture<span class=\"screen-reader-text\"> de &laquo;&nbsp;Bartolome Flores Cano&nbsp;&raquo;<\/span><\/a><\/p>\n","protected":false},"author":1,"featured_media":0,"comment_status":"open","ping_status":"closed","sticky":false,"template":"","format":"standard","meta":{"footnotes":""},"categories":[53,5],"tags":[28,20],"_links":{"self":[{"href":"http:\/\/atelierdecreationlibertaire.com\/blogs1\/images-de-libertaires\/wp-json\/wp\/v2\/posts\/1086"}],"collection":[{"href":"http:\/\/atelierdecreationlibertaire.com\/blogs1\/images-de-libertaires\/wp-json\/wp\/v2\/posts"}],"about":[{"href":"http:\/\/atelierdecreationlibertaire.com\/blogs1\/images-de-libertaires\/wp-json\/wp\/v2\/types\/post"}],"author":[{"embeddable":true,"href":"http:\/\/atelierdecreationlibertaire.com\/blogs1\/images-de-libertaires\/wp-json\/wp\/v2\/users\/1"}],"replies":[{"embeddable":true,"href":"http:\/\/atelierdecreationlibertaire.com\/blogs1\/images-de-libertaires\/wp-json\/wp\/v2\/comments?post=1086"}],"version-history":[{"count":18,"href":"http:\/\/atelierdecreationlibertaire.com\/blogs1\/images-de-libertaires\/wp-json\/wp\/v2\/posts\/1086\/revisions"}],"predecessor-version":[{"id":1109,"href":"http:\/\/atelierdecreationlibertaire.com\/blogs1\/images-de-libertaires\/wp-json\/wp\/v2\/posts\/1086\/revisions\/1109"}],"wp:attachment":[{"href":"http:\/\/atelierdecreationlibertaire.com\/blogs1\/images-de-libertaires\/wp-json\/wp\/v2\/media?parent=1086"}],"wp:term":[{"taxonomy":"category","embeddable":true,"href":"http:\/\/atelierdecreationlibertaire.com\/blogs1\/images-de-libertaires\/wp-json\/wp\/v2\/categories?post=1086"},{"taxonomy":"post_tag","embeddable":true,"href":"http:\/\/atelierdecreationlibertaire.com\/blogs1\/images-de-libertaires\/wp-json\/wp\/v2\/tags?post=1086"}],"curies":[{"name":"wp","href":"https:\/\/api.w.org\/{rel}","templated":true}]}}