{"id":114,"date":"2009-05-01T22:01:04","date_gmt":"2009-05-01T20:01:04","guid":{"rendered":"http:\/\/atelierdecreationlibertaire.com\/blogs\/images-de-libertaires\/?p=114"},"modified":"2010-04-06T20:24:40","modified_gmt":"2010-04-06T18:24:40","slug":"premier-mai-2009-et-le-cortege-noir-rouge-2","status":"publish","type":"post","link":"http:\/\/atelierdecreationlibertaire.com\/blogs1\/images-de-libertaires\/premier-mai-2009-et-le-cortege-noir-rouge-2-114\/","title":{"rendered":"Premier mai 2009 et le cort\u00e8ge noir &amp; rouge 2"},"content":{"rendered":"<p>Apr\u00e8s la place Bellecour, le cort\u00e8ge noir et rouge a continu\u00e9, seul, pour aller rejoindre place Sathonay, au pied des Pentes, le repas de quartier organis\u00e9 chaque ann\u00e9e par Radio-Canut. Encore beaucoup de monde cette ann\u00e9e pour finir la manifestation en beaut\u00e9.<\/p>\n<p><iframe loading=\"lazy\" width=\"500\" height=\"350\" src=\"http:\/\/www.youtube.com\/embed\/E8LjJIP26ms?wmode=transparent\" frameborder=\"0\" allowfullscreen> <\/iframe><\/p>\n<div class=\"tweetthis\" style=\"text-align:left;\"><p> <a target=\"_blank\" rel=\"nofollow\" class=\"tt\" href=\"http:\/\/twitter.com\/home\/?status=Premier+mai+2009+et+le+cort%C3%A8ge+noir+%26+rouge+2+https%3A%2F%2Ftinyurl.com%2Fyvky2c4r\" title=\"Post to Twitter\"><img decoding=\"async\" class=\"nothumb\" src=\"http:\/\/atelierdecreationlibertaire.com\/blogs1\/images-de-libertaires\/wp-content\/plugins\/tweet-this\/icons\/en\/twitter\/tt-twitter-micro3.png\" alt=\"Post to Twitter\" \/><\/a><\/p><\/div>","protected":false},"excerpt":{"rendered":"<p>Apr\u00e8s la place Bellecour, le cort\u00e8ge noir et rouge a continu\u00e9, seul, pour aller rejoindre place Sathonay, au pied des Pentes, le repas de quartier organis\u00e9 chaque ann\u00e9e par Radio-Canut. Encore beaucoup de monde cette ann\u00e9e pour finir la manifestation en beaut\u00e9.<\/p>\n","protected":false},"author":1,"featured_media":0,"comment_status":"open","ping_status":"open","sticky":false,"template":"","format":"standard","meta":{"footnotes":""},"categories":[75,57,4],"tags":[24,323,85],"_links":{"self":[{"href":"http:\/\/atelierdecreationlibertaire.com\/blogs1\/images-de-libertaires\/wp-json\/wp\/v2\/posts\/114"}],"collection":[{"href":"http:\/\/atelierdecreationlibertaire.com\/blogs1\/images-de-libertaires\/wp-json\/wp\/v2\/posts"}],"about":[{"href":"http:\/\/atelierdecreationlibertaire.com\/blogs1\/images-de-libertaires\/wp-json\/wp\/v2\/types\/post"}],"author":[{"embeddable":true,"href":"http:\/\/atelierdecreationlibertaire.com\/blogs1\/images-de-libertaires\/wp-json\/wp\/v2\/users\/1"}],"replies":[{"embeddable":true,"href":"http:\/\/atelierdecreationlibertaire.com\/blogs1\/images-de-libertaires\/wp-json\/wp\/v2\/comments?post=114"}],"version-history":[{"count":12,"href":"http:\/\/atelierdecreationlibertaire.com\/blogs1\/images-de-libertaires\/wp-json\/wp\/v2\/posts\/114\/revisions"}],"predecessor-version":[{"id":128,"href":"http:\/\/atelierdecreationlibertaire.com\/blogs1\/images-de-libertaires\/wp-json\/wp\/v2\/posts\/114\/revisions\/128"}],"wp:attachment":[{"href":"http:\/\/atelierdecreationlibertaire.com\/blogs1\/images-de-libertaires\/wp-json\/wp\/v2\/media?parent=114"}],"wp:term":[{"taxonomy":"category","embeddable":true,"href":"http:\/\/atelierdecreationlibertaire.com\/blogs1\/images-de-libertaires\/wp-json\/wp\/v2\/categories?post=114"},{"taxonomy":"post_tag","embeddable":true,"href":"http:\/\/atelierdecreationlibertaire.com\/blogs1\/images-de-libertaires\/wp-json\/wp\/v2\/tags?post=114"}],"curies":[{"name":"wp","href":"https:\/\/api.w.org\/{rel}","templated":true}]}}