{"id":1376,"date":"2011-04-30T07:00:16","date_gmt":"2011-04-30T05:00:16","guid":{"rendered":"http:\/\/atelierdecreationlibertaire.com\/blogs\/images-de-libertaires\/?p=1376"},"modified":"2011-04-29T19:03:09","modified_gmt":"2011-04-29T17:03:09","slug":"1986-rassemblement-suite-a-lassassinat-de-joel-fieux-au-nicaragua","status":"publish","type":"post","link":"http:\/\/atelierdecreationlibertaire.com\/blogs1\/images-de-libertaires\/1986-rassemblement-suite-a-lassassinat-de-joel-fieux-au-nicaragua-1376\/","title":{"rendered":"1986 &#8211; Rassemblement suite \u00e0 l&rsquo;assassinat de Jo\u00ebl Fieux au Nicaragua"},"content":{"rendered":"<p>Suite \u00e0 <a href=\"http:\/\/atelierdecreationlibertaire.com\/blogs1\/images-de-libertaires\/joel-fieux-470\/\" target=\"_self\">la mort de Jo\u00ebl Fieux<\/a> dans une embuscade tendue par la Contra au Nicaragua, le 28 juillet 1986, les amis de Jo\u00ebl firent un rassemblement \u00e0 Lyon.<\/p>\n<p><a href=\"http:\/\/atelierdecreationlibertaire.com\/blogs1\/images-de-libertaires\/wp-content\/uploads\/1986-rassemblement-joel-fieux.jpg\" rel=\"lightbox[1376]\"><img decoding=\"async\" class=\"aligncenter size-medium wp-image-1377\" src=\"http:\/\/atelierdecreationlibertaire.com\/blogs1\/images-de-libertaires\/wp-content\/uploads\/1986-rassemblement-joel-fieux.jpg\" alt=\"1986-rassemblement-joel-fieux\" width=\"500\" srcset=\"http:\/\/atelierdecreationlibertaire.com\/blogs1\/images-de-libertaires\/wp-content\/uploads\/1986-rassemblement-joel-fieux.jpg 800w, http:\/\/atelierdecreationlibertaire.com\/blogs1\/images-de-libertaires\/wp-content\/uploads\/1986-rassemblement-joel-fieux-300x189.jpg 300w\" sizes=\"(max-width: 767px) 89vw, (max-width: 1000px) 54vw, (max-width: 1071px) 543px, 580px\" \/><\/a><\/p>\n<div class=\"tweetthis\" style=\"text-align:left;\"><p> <a target=\"_blank\" rel=\"nofollow\" class=\"tt\" href=\"http:\/\/twitter.com\/home\/?status=1986+%E2%80%93+Rassemblement+suite+%C3%A0+l%E2%80%99assassinat+de+Jo%C3%ABl+Fieux+au+Nicaragua+https%3A%2F%2Ftinyurl.com%2Fyn3pwz2q\" title=\"Post to Twitter\"><img decoding=\"async\" class=\"nothumb\" src=\"http:\/\/atelierdecreationlibertaire.com\/blogs1\/images-de-libertaires\/wp-content\/plugins\/tweet-this\/icons\/en\/twitter\/tt-twitter-micro3.png\" alt=\"Post to Twitter\" \/><\/a><\/p><\/div>","protected":false},"excerpt":{"rendered":"<p>Suite \u00e0 la mort de Jo\u00ebl Fieux dans une embuscade tendue par la Contra au Nicaragua, le 28 juillet 1986, les amis de Jo\u00ebl firent un rassemblement \u00e0 Lyon.<\/p>\n","protected":false},"author":1,"featured_media":0,"comment_status":"open","ping_status":"closed","sticky":false,"template":"","format":"standard","meta":{"footnotes":""},"categories":[63,55,5],"tags":[7,20],"_links":{"self":[{"href":"http:\/\/atelierdecreationlibertaire.com\/blogs1\/images-de-libertaires\/wp-json\/wp\/v2\/posts\/1376"}],"collection":[{"href":"http:\/\/atelierdecreationlibertaire.com\/blogs1\/images-de-libertaires\/wp-json\/wp\/v2\/posts"}],"about":[{"href":"http:\/\/atelierdecreationlibertaire.com\/blogs1\/images-de-libertaires\/wp-json\/wp\/v2\/types\/post"}],"author":[{"embeddable":true,"href":"http:\/\/atelierdecreationlibertaire.com\/blogs1\/images-de-libertaires\/wp-json\/wp\/v2\/users\/1"}],"replies":[{"embeddable":true,"href":"http:\/\/atelierdecreationlibertaire.com\/blogs1\/images-de-libertaires\/wp-json\/wp\/v2\/comments?post=1376"}],"version-history":[{"count":3,"href":"http:\/\/atelierdecreationlibertaire.com\/blogs1\/images-de-libertaires\/wp-json\/wp\/v2\/posts\/1376\/revisions"}],"predecessor-version":[{"id":1380,"href":"http:\/\/atelierdecreationlibertaire.com\/blogs1\/images-de-libertaires\/wp-json\/wp\/v2\/posts\/1376\/revisions\/1380"}],"wp:attachment":[{"href":"http:\/\/atelierdecreationlibertaire.com\/blogs1\/images-de-libertaires\/wp-json\/wp\/v2\/media?parent=1376"}],"wp:term":[{"taxonomy":"category","embeddable":true,"href":"http:\/\/atelierdecreationlibertaire.com\/blogs1\/images-de-libertaires\/wp-json\/wp\/v2\/categories?post=1376"},{"taxonomy":"post_tag","embeddable":true,"href":"http:\/\/atelierdecreationlibertaire.com\/blogs1\/images-de-libertaires\/wp-json\/wp\/v2\/tags?post=1376"}],"curies":[{"name":"wp","href":"https:\/\/api.w.org\/{rel}","templated":true}]}}