{"id":1402,"date":"2011-06-04T07:00:54","date_gmt":"2011-06-04T05:00:54","guid":{"rendered":"http:\/\/atelierdecreationlibertaire.com\/blogs\/images-de-libertaires\/?p=1402"},"modified":"2012-12-18T22:49:51","modified_gmt":"2012-12-18T20:49:51","slug":"deuxiemes-journees-libertaires-a-lyon-18-et-19-mai-1985-la-video","status":"publish","type":"post","link":"http:\/\/atelierdecreationlibertaire.com\/blogs1\/images-de-libertaires\/deuxiemes-journees-libertaires-a-lyon-18-et-19-mai-1985-la-video-1402\/","title":{"rendered":"Deuxi\u00e8mes journ\u00e9es libertaires \u00e0 Lyon &#8211; 18 et 19 mai 1985 (la vid\u00e9o)"},"content":{"rendered":"<p>Les <a href=\"http:\/\/atelierdecreationlibertaire.com\/blogs1\/images-de-libertaires\/deuxiemes-journees-libertaires-a-lyon-18-et-19-mai-1985-438\/\">deuxi\u00e8mes journ\u00e9es libertaires<\/a> avaient \u00e9t\u00e9 une r\u00e9ussite et beaucoup de gens s&rsquo;en rappellent encore. FR3 \u00e9tait venu faire un reportage. Le journaliste \u00e9tait un peu ironique, mais cet extrait du journal t\u00e9l\u00e9vis\u00e9 du samedi 18 mai au soir reste \u00e0 voir, un quart de si\u00e8cle apr\u00e8s.<\/p>\n<p><iframe loading=\"lazy\" src=\"http:\/\/player.vimeo.com\/video\/24559390\" width=\"500\" height=\"350\" frameborder=\"0\" webkitAllowFullScreen mozallowfullscreen allowFullScreen><\/iframe><\/p>\n<div class=\"tweetthis\" style=\"text-align:left;\"><p> <a target=\"_blank\" rel=\"nofollow\" class=\"tt\" href=\"http:\/\/twitter.com\/home\/?status=Deuxi%C3%A8mes+journ%C3%A9es+libertaires+%C3%A0+Lyon+%E2%80%93+18+et+19+mai+1985+%28la+vid%C3%A9o%29+https%3A%2F%2Ftinyurl.com%2Fyu9v9sj3\" title=\"Post to Twitter\"><img decoding=\"async\" class=\"nothumb\" src=\"http:\/\/atelierdecreationlibertaire.com\/blogs1\/images-de-libertaires\/wp-content\/plugins\/tweet-this\/icons\/en\/twitter\/tt-twitter-micro3.png\" alt=\"Post to Twitter\" \/><\/a><\/p><\/div>","protected":false},"excerpt":{"rendered":"<p>Les deuxi\u00e8mes journ\u00e9es libertaires avaient \u00e9t\u00e9 une r\u00e9ussite et beaucoup de gens s&rsquo;en rappellent encore. FR3 \u00e9tait venu faire un reportage. Le journaliste \u00e9tait un peu ironique, mais cet extrait du journal t\u00e9l\u00e9vis\u00e9 du samedi 18 mai au soir reste \u00e0 voir, un quart de si\u00e8cle apr\u00e8s.<\/p>\n","protected":false},"author":1,"featured_media":0,"comment_status":"open","ping_status":"closed","sticky":false,"template":"","format":"standard","meta":{"footnotes":""},"categories":[60,55],"tags":[27,25,238],"_links":{"self":[{"href":"http:\/\/atelierdecreationlibertaire.com\/blogs1\/images-de-libertaires\/wp-json\/wp\/v2\/posts\/1402"}],"collection":[{"href":"http:\/\/atelierdecreationlibertaire.com\/blogs1\/images-de-libertaires\/wp-json\/wp\/v2\/posts"}],"about":[{"href":"http:\/\/atelierdecreationlibertaire.com\/blogs1\/images-de-libertaires\/wp-json\/wp\/v2\/types\/post"}],"author":[{"embeddable":true,"href":"http:\/\/atelierdecreationlibertaire.com\/blogs1\/images-de-libertaires\/wp-json\/wp\/v2\/users\/1"}],"replies":[{"embeddable":true,"href":"http:\/\/atelierdecreationlibertaire.com\/blogs1\/images-de-libertaires\/wp-json\/wp\/v2\/comments?post=1402"}],"version-history":[{"count":3,"href":"http:\/\/atelierdecreationlibertaire.com\/blogs1\/images-de-libertaires\/wp-json\/wp\/v2\/posts\/1402\/revisions"}],"predecessor-version":[{"id":1404,"href":"http:\/\/atelierdecreationlibertaire.com\/blogs1\/images-de-libertaires\/wp-json\/wp\/v2\/posts\/1402\/revisions\/1404"}],"wp:attachment":[{"href":"http:\/\/atelierdecreationlibertaire.com\/blogs1\/images-de-libertaires\/wp-json\/wp\/v2\/media?parent=1402"}],"wp:term":[{"taxonomy":"category","embeddable":true,"href":"http:\/\/atelierdecreationlibertaire.com\/blogs1\/images-de-libertaires\/wp-json\/wp\/v2\/categories?post=1402"},{"taxonomy":"post_tag","embeddable":true,"href":"http:\/\/atelierdecreationlibertaire.com\/blogs1\/images-de-libertaires\/wp-json\/wp\/v2\/tags?post=1402"}],"curies":[{"name":"wp","href":"https:\/\/api.w.org\/{rel}","templated":true}]}}