{"id":1406,"date":"2011-06-11T07:00:09","date_gmt":"2011-06-11T05:00:09","guid":{"rendered":"http:\/\/atelierdecreationlibertaire.com\/blogs\/images-de-libertaires\/?p=1406"},"modified":"2011-06-02T16:42:58","modified_gmt":"2011-06-02T14:42:58","slug":"manifestation-de-soutien-a-la-plume-noire-le-22-fevrier-1997-la-video","status":"publish","type":"post","link":"http:\/\/atelierdecreationlibertaire.com\/blogs1\/images-de-libertaires\/manifestation-de-soutien-a-la-plume-noire-le-22-fevrier-1997-la-video-1406\/","title":{"rendered":"Manifestation de soutien \u00e0 la Plume noire, le 22 f\u00e9vrier 1997 (la vid\u00e9o)"},"content":{"rendered":"<p>Dans deux pr\u00e9c\u00e9dents billets (<a href=\"http:\/\/atelierdecreationlibertaire.com\/blogs1\/images-de-libertaires\/16-fevrier-1997-incendie-de-la-plume-noire-216\/\">ici<\/a> et <a href=\"http:\/\/atelierdecreationlibertaire.com\/blogs1\/images-de-libertaires\/manifestation-de-soutien-a-la-plume-noire-le-22-fevrier-1997-782\/\">l\u00e0<\/a>), nous avions publi\u00e9 quelques photos de la grande manifestation de soutien \u00e0 la librairie la Plume noire qui avait \u00e9t\u00e9 incendi\u00e9e. FR3 \u00e9tait l\u00e0 et a publi\u00e9 un petit reportage diffus\u00e9 au journal t\u00e9l\u00e9vis\u00e9 du samedi soir.<\/p>\n<p><iframe loading=\"lazy\" src=\"http:\/\/player.vimeo.com\/video\/24558693\" width=\"500\" height=\"350\" frameborder=\"0\" webkitAllowFullScreen mozallowfullscreen allowFullScreen><\/iframe><\/p>\n<div class=\"tweetthis\" style=\"text-align:left;\"><p> <a target=\"_blank\" rel=\"nofollow\" class=\"tt\" href=\"http:\/\/twitter.com\/home\/?status=Manifestation+de+soutien+%C3%A0+la+Plume+noire%2C+le+22+f%C3%A9vrier+1997+%28la+vid%C3%A9o%29+https%3A%2F%2Ftinyurl.com%2Fyttxh74b\" title=\"Post to Twitter\"><img decoding=\"async\" class=\"nothumb\" src=\"http:\/\/atelierdecreationlibertaire.com\/blogs1\/images-de-libertaires\/wp-content\/plugins\/tweet-this\/icons\/en\/twitter\/tt-twitter-micro3.png\" alt=\"Post to Twitter\" \/><\/a><\/p><\/div>","protected":false},"excerpt":{"rendered":"<p>Dans deux pr\u00e9c\u00e9dents billets (ici et l\u00e0), nous avions publi\u00e9 quelques photos de la grande manifestation de soutien \u00e0 la librairie la Plume noire qui avait \u00e9t\u00e9 incendi\u00e9e. FR3 \u00e9tait l\u00e0 et a publi\u00e9 un petit reportage diffus\u00e9 au journal t\u00e9l\u00e9vis\u00e9 du samedi soir.<\/p>\n","protected":false},"author":1,"featured_media":0,"comment_status":"open","ping_status":"closed","sticky":false,"template":"","format":"standard","meta":{"footnotes":""},"categories":[69,56,4],"tags":[70,30,323,238],"_links":{"self":[{"href":"http:\/\/atelierdecreationlibertaire.com\/blogs1\/images-de-libertaires\/wp-json\/wp\/v2\/posts\/1406"}],"collection":[{"href":"http:\/\/atelierdecreationlibertaire.com\/blogs1\/images-de-libertaires\/wp-json\/wp\/v2\/posts"}],"about":[{"href":"http:\/\/atelierdecreationlibertaire.com\/blogs1\/images-de-libertaires\/wp-json\/wp\/v2\/types\/post"}],"author":[{"embeddable":true,"href":"http:\/\/atelierdecreationlibertaire.com\/blogs1\/images-de-libertaires\/wp-json\/wp\/v2\/users\/1"}],"replies":[{"embeddable":true,"href":"http:\/\/atelierdecreationlibertaire.com\/blogs1\/images-de-libertaires\/wp-json\/wp\/v2\/comments?post=1406"}],"version-history":[{"count":2,"href":"http:\/\/atelierdecreationlibertaire.com\/blogs1\/images-de-libertaires\/wp-json\/wp\/v2\/posts\/1406\/revisions"}],"predecessor-version":[{"id":1408,"href":"http:\/\/atelierdecreationlibertaire.com\/blogs1\/images-de-libertaires\/wp-json\/wp\/v2\/posts\/1406\/revisions\/1408"}],"wp:attachment":[{"href":"http:\/\/atelierdecreationlibertaire.com\/blogs1\/images-de-libertaires\/wp-json\/wp\/v2\/media?parent=1406"}],"wp:term":[{"taxonomy":"category","embeddable":true,"href":"http:\/\/atelierdecreationlibertaire.com\/blogs1\/images-de-libertaires\/wp-json\/wp\/v2\/categories?post=1406"},{"taxonomy":"post_tag","embeddable":true,"href":"http:\/\/atelierdecreationlibertaire.com\/blogs1\/images-de-libertaires\/wp-json\/wp\/v2\/tags?post=1406"}],"curies":[{"name":"wp","href":"https:\/\/api.w.org\/{rel}","templated":true}]}}