{"id":1418,"date":"2012-03-17T10:00:18","date_gmt":"2012-03-17T08:00:18","guid":{"rendered":"http:\/\/atelierdecreationlibertaire.com\/blogs\/images-de-libertaires\/?p=1418"},"modified":"2012-03-13T22:08:15","modified_gmt":"2012-03-13T20:08:15","slug":"francisco-dit-paco-et-carmen-perez","status":"publish","type":"post","link":"http:\/\/atelierdecreationlibertaire.com\/blogs1\/images-de-libertaires\/francisco-dit-paco-et-carmen-perez-1418\/","title":{"rendered":"Francisco (dit Paco) et Carmen Perez"},"content":{"rendered":"<p><a href=\"http:\/\/atelierdecreationlibertaire.com\/blogs1\/images-de-libertaires\/wp-content\/uploads\/scan0001.jpg\" rel=\"lightbox[1418]\"><img loading=\"lazy\" decoding=\"async\" class=\"alignleft size-thumbnail wp-image-1422\" title=\"Francisco Perez (dit Paco) \" src=\"http:\/\/atelierdecreationlibertaire.com\/blogs1\/images-de-libertaires\/wp-content\/uploads\/scan0001-150x150.jpg\" alt=\"Francisco Perez (dit Paco) \" width=\"150\" height=\"150\" \/><\/a>Bonjour, Nous sommes tomb\u00e9es par hasard sur votre blog, ma soeur Sylvie et moi,  \u00e0 la suite d&rsquo;un voyage en Espagne que je viens de faire suivant les traces de  mes parents Francisco (dit Paco) et Carmen Perez, anarchistes libertaires ayant  fui l&rsquo;Espagne poursuivis par les arm\u00e9es franquistes en 1939, avec un b\u00e9b\u00e9 de 15  jours dans les bras : moi. Apr\u00e8s le passage, \u00e0 pied, des Pyr\u00e9n\u00e9es, dans le froid  glacial, dormant sur des matelas tremp\u00e9s, ils ont abouti au camp de Saint  Cyprien, apr\u00e8s que le gouvernement fran\u00e7ais a en fin d\u00e9cid\u00e9 d&rsquo;ouvrir la  fronti\u00e8re.<\/p>\n<p><a href=\"http:\/\/atelierdecreationlibertaire.com\/blogs1\/images-de-libertaires\/wp-content\/uploads\/n5022.jpg\" rel=\"lightbox[1418]\"><img loading=\"lazy\" decoding=\"async\" class=\"alignright size-thumbnail wp-image-1420\" title=\"ma m\u00e8re, Carmen Perez, jeune\" src=\"http:\/\/atelierdecreationlibertaire.com\/blogs1\/images-de-libertaires\/wp-content\/uploads\/n5022-150x150.jpg\" alt=\"ma m\u00e8re, Carmen Perez, jeune\" width=\"150\" height=\"150\" \/><\/a>Ma m\u00e8re \u00e9tait accompagn\u00e9e de sa m\u00e8re, Josepha Estevez Cubero dont le  mari \u00e9tait mort au front de Madrid, son jeune fr\u00e8re et&#8230; moi. Mon p\u00e8re se  battait encore au front de Valencia. Apr\u00e8s s&rsquo;\u00eatre \u00e9chapp\u00e9s du camp ils ont  abouti \u00e0 Lyon. Mon p\u00e8re n&rsquo;est jamais retourn\u00e9 en Espagne mais a toujours milit\u00e9  \u00e0 la C.N.T. Ses croyances datent de ses conversations avec \u00abun viejo\u00bb anarchiste  alors qu&rsquo;il \u00e9tait berger et ont dur\u00e9 jusqu&rsquo;\u00e0 sa mort, d&rsquo;un cancer, en 1973 \u00e0  Lyon.<\/p>\n<p>Ses contacts constants avec les copains de Lyon, Toulouse, Federica Montseny, et  ses fr\u00e9quents voyages pour aider les anarchistes prisonniers des prisons  fascistes, les aider \u00e0 s&rsquo;\u00e9chapper, procurer de l&rsquo;aide \u00e0 leur famille&#8230; il n&rsquo;a  jamais renonc\u00e9, ses convictions ont \u00e9t\u00e9 plus fortes que ses s\u00e9jours \u00e0 l&rsquo;h\u00f4pital,  ses h\u00e9morragies pour ulc\u00e8re \u00e0 l&rsquo;estomac, sa vie mouvement\u00e9e et finalement son  arrestation par la police lyonnaise en tant que secr\u00e9taire des fonds recueillis  pour les prisonniers d&rsquo;Espagne, lors du fameux proc\u00e8s du \u00ab<a href=\"http:\/\/atelierdecreationlibertaire.com\/blogs1\/images-de-libertaires\/les-tueurs-de-la-rue-duguesclin-appartiennent-a-un-redoutable-gang-danarchistes-espagnols-1075\" target=\"_blank\">gang des anarchistes  lyonnais<\/a>\u00bb. Il y gagna un \u00abpassage \u00e0 tabac\u00bb dans les locaux de la police apr\u00e8s  lequel son visage \u00e9tait m\u00e9connaissable, et les coups \u00e9taient aussi dirig\u00e9s vers  son estomac alors qu&rsquo;il \u00e9tait \u00e0 genoux, sur une barre de fer. Il n&rsquo;a pas flanch\u00e9,  a toujours proclam\u00e9 son innocence et ni\u00e9 ce qu&rsquo;on voulait lui faire dire&#8230; mais a pass\u00e9 8  ans en prison.  Malgr\u00e9 le bouleversement que cela apporta \u00e0 notre famille et \u00e0  notre vie \u2013 ma m\u00e8re devant travailler dans une usine m\u00e9tallurgique pour pouvoir  nous \u00e9lever, moi 11 ans, ma petite s\u0153ur 5 ans, notre perte totale d&rsquo;enfance,  d&rsquo;insouciance \u2013, nous  sommes toujours demeur\u00e9es fid\u00e8les et fi\u00e8res de mon p\u00e8re. Tout cela pour dire que  la guerre civile espagnole a continu\u00e9 ses ravages, chez certains, bien apr\u00e8s la  guerre.<\/p>\n<p><a href=\"http:\/\/atelierdecreationlibertaire.com\/blogs1\/images-de-libertaires\/wp-content\/uploads\/n5041.jpg\" rel=\"lightbox[1418]\"><img loading=\"lazy\" decoding=\"async\" class=\"alignleft size-medium wp-image-1421\" title=\"Mon p\u00e8re (devant \u00e0 gauche agenouill\u00e9, devant &quot;la barraca&quot; avec les copains\" src=\"http:\/\/atelierdecreationlibertaire.com\/blogs1\/images-de-libertaires\/wp-content\/uploads\/n5041-211x300.jpg\" alt=\"Mon p\u00e8re (devant \u00e0 gauche agenouill\u00e9, devant &quot;la barraca&quot; avec les copains\" width=\"211\" height=\"300\" srcset=\"http:\/\/atelierdecreationlibertaire.com\/blogs1\/images-de-libertaires\/wp-content\/uploads\/n5041-211x300.jpg 211w, http:\/\/atelierdecreationlibertaire.com\/blogs1\/images-de-libertaires\/wp-content\/uploads\/n5041.jpg 361w\" sizes=\"(max-width: 211px) 100vw, 211px\" \/><\/a>Sur les <a href=\"http:\/\/atelierdecreationlibertaire.com\/blogs1\/images-de-libertaires\/les-anarchistes-espagnols-664\/\" target=\"_blank\">photos de votre blog<\/a>, je connais bien s\u00fbr Melchora Flores, elle \u00e9tait m\u00eame au mariage de ma  tante, je connais \u00abla baraque\u00bb du cours \u00c9mile Zola \u00e0 Lyon, lieu des r\u00e9unions  des copains de la C.N.T. Mon p\u00e8re m&rsquo;y emmenait, j&rsquo;y ai m\u00eame pris des cours de  claquettes ! Et, bien s\u00fbr \u00ab el grupo artistico de Tierra y Libertad\u00bb et j&rsquo;ai  reconnu sur les photos Juan Flores (sa femme Fifine), Call\u00e8s, Fontaura, sa femme  Gertrudes etc. Tout cela, je ne l&rsquo;oublierai jamais. Nous avons  enterr\u00e9 mon p\u00e8re \u00e0 Lyon en 1973 et le cercueil de ma m\u00e8re est entr\u00e9 au tunnel  de la cr\u00e9mation aux sons triomphants de la chanson \u00abEl pasage del Ebro ( Ay  Carmela, Ay Carmela)\u00bb&#8230;<\/p>\n<p>Violette Perez<\/p>\n<p>PS : nous avons aussi retrouv\u00e9, dans des papiers, une carte laisser-passer de la R\u00e9sistance au nom de mon p\u00e8re.<\/p>\n<div class=\"tweetthis\" style=\"text-align:left;\"><p> <a target=\"_blank\" rel=\"nofollow\" class=\"tt\" href=\"http:\/\/twitter.com\/home\/?status=Francisco+%28dit+Paco%29+et+Carmen+Perez+https%3A%2F%2Ftinyurl.com%2Fyw3og2yj\" title=\"Post to Twitter\"><img decoding=\"async\" class=\"nothumb\" src=\"http:\/\/atelierdecreationlibertaire.com\/blogs1\/images-de-libertaires\/wp-content\/plugins\/tweet-this\/icons\/en\/twitter\/tt-twitter-micro3.png\" alt=\"Post to Twitter\" \/><\/a><\/p><\/div>","protected":false},"excerpt":{"rendered":"<p>Bonjour, Nous sommes tomb\u00e9es par hasard sur votre blog, ma soeur Sylvie et moi, \u00e0 la suite d&rsquo;un voyage en Espagne que je viens de faire suivant les traces de mes parents Francisco (dit Paco) et Carmen Perez, anarchistes libertaires ayant fui l&rsquo;Espagne poursuivis par les arm\u00e9es franquistes en 1939, avec un b\u00e9b\u00e9 de 15 &hellip; <\/p>\n<p class=\"link-more\"><a href=\"http:\/\/atelierdecreationlibertaire.com\/blogs1\/images-de-libertaires\/francisco-dit-paco-et-carmen-perez-1418\/\" class=\"more-link\">Continuer la lecture<span class=\"screen-reader-text\"> de &laquo;&nbsp;Francisco (dit Paco) et Carmen Perez&nbsp;&raquo;<\/span><\/a><\/p>\n","protected":false},"author":1,"featured_media":0,"comment_status":"open","ping_status":"closed","sticky":false,"template":"","format":"standard","meta":{"footnotes":""},"categories":[53,5],"tags":[],"_links":{"self":[{"href":"http:\/\/atelierdecreationlibertaire.com\/blogs1\/images-de-libertaires\/wp-json\/wp\/v2\/posts\/1418"}],"collection":[{"href":"http:\/\/atelierdecreationlibertaire.com\/blogs1\/images-de-libertaires\/wp-json\/wp\/v2\/posts"}],"about":[{"href":"http:\/\/atelierdecreationlibertaire.com\/blogs1\/images-de-libertaires\/wp-json\/wp\/v2\/types\/post"}],"author":[{"embeddable":true,"href":"http:\/\/atelierdecreationlibertaire.com\/blogs1\/images-de-libertaires\/wp-json\/wp\/v2\/users\/1"}],"replies":[{"embeddable":true,"href":"http:\/\/atelierdecreationlibertaire.com\/blogs1\/images-de-libertaires\/wp-json\/wp\/v2\/comments?post=1418"}],"version-history":[{"count":13,"href":"http:\/\/atelierdecreationlibertaire.com\/blogs1\/images-de-libertaires\/wp-json\/wp\/v2\/posts\/1418\/revisions"}],"predecessor-version":[{"id":1433,"href":"http:\/\/atelierdecreationlibertaire.com\/blogs1\/images-de-libertaires\/wp-json\/wp\/v2\/posts\/1418\/revisions\/1433"}],"wp:attachment":[{"href":"http:\/\/atelierdecreationlibertaire.com\/blogs1\/images-de-libertaires\/wp-json\/wp\/v2\/media?parent=1418"}],"wp:term":[{"taxonomy":"category","embeddable":true,"href":"http:\/\/atelierdecreationlibertaire.com\/blogs1\/images-de-libertaires\/wp-json\/wp\/v2\/categories?post=1418"},{"taxonomy":"post_tag","embeddable":true,"href":"http:\/\/atelierdecreationlibertaire.com\/blogs1\/images-de-libertaires\/wp-json\/wp\/v2\/tags?post=1418"}],"curies":[{"name":"wp","href":"https:\/\/api.w.org\/{rel}","templated":true}]}}