{"id":1440,"date":"2012-03-31T09:00:16","date_gmt":"2012-03-31T07:00:16","guid":{"rendered":"http:\/\/atelierdecreationlibertaire.com\/blogs\/images-de-libertaires\/?p=1440"},"modified":"2017-11-18T22:21:53","modified_gmt":"2017-11-18T20:21:53","slug":"premier-mai-1976","status":"publish","type":"post","link":"http:\/\/atelierdecreationlibertaire.com\/blogs1\/images-de-libertaires\/premier-mai-1976-1440\/","title":{"rendered":"Premier Mai 1978"},"content":{"rendered":"<p><a href=\"http:\/\/atelierdecreationlibertaire.com\/blogs1\/images-de-libertaires\/wp-content\/uploads\/1976-point-interrogation-1er-mai.jpg\" rel=\"lightbox[1440]\"><img decoding=\"async\" class=\"alignnone size-full wp-image-1441\" title=\"1976-point-interrogation-1er-mai\" src=\"http:\/\/atelierdecreationlibertaire.com\/blogs1\/images-de-libertaires\/wp-content\/uploads\/1976-point-interrogation-1er-mai.jpg\" alt=\"1976-point-interrogation-1er-mai\" width=\"500\" srcset=\"http:\/\/atelierdecreationlibertaire.com\/blogs1\/images-de-libertaires\/wp-content\/uploads\/1976-point-interrogation-1er-mai.jpg 800w, http:\/\/atelierdecreationlibertaire.com\/blogs1\/images-de-libertaires\/wp-content\/uploads\/1976-point-interrogation-1er-mai-300x201.jpg 300w\" sizes=\"(max-width: 767px) 89vw, (max-width: 1000px) 54vw, (max-width: 1071px) 543px, 580px\" \/><\/a><\/p>\n<p><del datetime=\"2017-11-18T20:18:42+00:00\">Nous n&rsquo;arrivons pas \u00e0 dater cette photo. Il semblerait que ce soit un Premier Mai 1976. Merci de nous aider \u00e0 retrouver la date.<\/del><br \/>\nMerci \u00e0 la personne qui, ayant reconnu quelqu&rsquo;un sur cette photo, a pu nous en confirmer la date. Il s&rsquo;agit d&rsquo;un Premier Mai 1978.<\/p>\n<div class=\"tweetthis\" style=\"text-align:left;\"><p> <a target=\"_blank\" rel=\"nofollow\" class=\"tt\" href=\"http:\/\/twitter.com\/home\/?status=Premier+Mai+1978+https%3A%2F%2Ftinyurl.com%2Fykkkwwmf\" title=\"Post to Twitter\"><img decoding=\"async\" class=\"nothumb\" src=\"http:\/\/atelierdecreationlibertaire.com\/blogs1\/images-de-libertaires\/wp-content\/plugins\/tweet-this\/icons\/en\/twitter\/tt-twitter-micro3.png\" alt=\"Post to Twitter\" \/><\/a><\/p><\/div>","protected":false},"excerpt":{"rendered":"<p>Nous n&rsquo;arrivons pas \u00e0 dater cette photo. Il semblerait que ce soit un Premier Mai 1976. Merci de nous aider \u00e0 retrouver la date. Merci \u00e0 la personne qui, ayant reconnu quelqu&rsquo;un sur cette photo, a pu nous en confirmer la date. Il s&rsquo;agit d&rsquo;un Premier Mai 1978.<\/p>\n","protected":false},"author":1,"featured_media":0,"comment_status":"open","ping_status":"closed","sticky":false,"template":"","format":"standard","meta":{"footnotes":""},"categories":[78,54,4],"tags":[24,323],"_links":{"self":[{"href":"http:\/\/atelierdecreationlibertaire.com\/blogs1\/images-de-libertaires\/wp-json\/wp\/v2\/posts\/1440"}],"collection":[{"href":"http:\/\/atelierdecreationlibertaire.com\/blogs1\/images-de-libertaires\/wp-json\/wp\/v2\/posts"}],"about":[{"href":"http:\/\/atelierdecreationlibertaire.com\/blogs1\/images-de-libertaires\/wp-json\/wp\/v2\/types\/post"}],"author":[{"embeddable":true,"href":"http:\/\/atelierdecreationlibertaire.com\/blogs1\/images-de-libertaires\/wp-json\/wp\/v2\/users\/1"}],"replies":[{"embeddable":true,"href":"http:\/\/atelierdecreationlibertaire.com\/blogs1\/images-de-libertaires\/wp-json\/wp\/v2\/comments?post=1440"}],"version-history":[{"count":3,"href":"http:\/\/atelierdecreationlibertaire.com\/blogs1\/images-de-libertaires\/wp-json\/wp\/v2\/posts\/1440\/revisions"}],"predecessor-version":[{"id":1443,"href":"http:\/\/atelierdecreationlibertaire.com\/blogs1\/images-de-libertaires\/wp-json\/wp\/v2\/posts\/1440\/revisions\/1443"}],"wp:attachment":[{"href":"http:\/\/atelierdecreationlibertaire.com\/blogs1\/images-de-libertaires\/wp-json\/wp\/v2\/media?parent=1440"}],"wp:term":[{"taxonomy":"category","embeddable":true,"href":"http:\/\/atelierdecreationlibertaire.com\/blogs1\/images-de-libertaires\/wp-json\/wp\/v2\/categories?post=1440"},{"taxonomy":"post_tag","embeddable":true,"href":"http:\/\/atelierdecreationlibertaire.com\/blogs1\/images-de-libertaires\/wp-json\/wp\/v2\/tags?post=1440"}],"curies":[{"name":"wp","href":"https:\/\/api.w.org\/{rel}","templated":true}]}}