{"id":1495,"date":"2013-01-19T06:45:48","date_gmt":"2013-01-19T04:45:48","guid":{"rendered":"http:\/\/atelierdecreationlibertaire.com\/blogs\/images-de-libertaires\/?p=1495"},"modified":"2013-01-12T22:13:34","modified_gmt":"2013-01-12T20:13:34","slug":"6-aout-1922-fete-de-larac-a-ecully","status":"publish","type":"post","link":"http:\/\/atelierdecreationlibertaire.com\/blogs1\/images-de-libertaires\/6-aout-1922-fete-de-larac-a-ecully-1495\/","title":{"rendered":"6 ao\u00fbt 1922 &#8211; f\u00eate de l&rsquo;A.R.A.C \u00e0 Ecully"},"content":{"rendered":"<p>Dans un des cartons d&rsquo;archives donn\u00e9s au Centre de documentation libertaire de Lyon par Roger Dorey, une photo carte postale tir\u00e9e lors de la f\u00eate de l&rsquo;A.R.A.C. du 6 ao\u00fbt 1922 \u00e0 Ecully. L&rsquo;A.R.A.C (Association r\u00e9publicaine des anciens combattants) avait \u00e9t\u00e9 fond\u00e9e en 1917. En regardant de plus pr\u00e8s les journaux tenus par ces jeunes gens, on peut voir :<\/p>\n<ul>\n<li><em>Le Libertaire<\/em>, (Ren\u00e9 Bianco, dans <em>100 ans de presse anarchiste<\/em>, fait une <a href=\"http:\/\/bianco.ficedl.info\/spip.php?article1319\" target=\"_blank\">longue recension<\/a> de cet hebdomadaire qui deviendra quotidien quelques mois apr\u00e8s la photo)<\/li>\n<li><em>Le Cri des jeunes syndicalistes<\/em>, paru entre 1920 et 1925, domicili\u00e9 \u00e0 Lyon puis \u00e0 Saint-Etienne (<a href=\"http:\/\/bianco.ficedl.info\/spip.php?article646\" target=\"_blank\">Bianco, <em>100 ans&#8230;<\/em><\/a>)<\/li>\n<li>La Vague, (\u00ab hebdomadaire de combat [puis] pacifiste, socialiste, f\u00e9ministe [puis] journal de d\u00e9bourrage et de combat \u00bb) qui para\u00eetra entre 1918 et 1923 (<a href=\"http:\/\/bianco.ficedl.info\/spip.php?article2149\" target=\"_blank\">Bianco, <em>100 ans&#8230;<\/em><\/a>)<\/li>\n<li><em>Le M\u00e9tallurgiste<\/em><\/li>\n<li><em>Travail<\/em>(?)<\/li>\n<\/ul>\n<p>Bref, de quoi penser que parmi ces jeunes personnes de 1922, il y avait quelques libertaires.<\/p>\n<p><a href=\"http:\/\/atelierdecreationlibertaire.com\/blogs1\/images-de-libertaires\/wp-content\/uploads\/dorey-fete-arac-ecully-06-08-1922-1.jpg\" rel=\"lightbox[1495]\"><img decoding=\"async\" class=\"aligncenter size-medium wp-image-1503\" title=\"dorey-fete-arac-ecully-06-08-1922-1\" src=\"http:\/\/atelierdecreationlibertaire.com\/blogs1\/images-de-libertaires\/wp-content\/uploads\/dorey-fete-arac-ecully-06-08-1922-1.jpg\" alt=\"dorey-fete-arac-ecully-06-08-1922-1\" width=\"515\" srcset=\"http:\/\/atelierdecreationlibertaire.com\/blogs1\/images-de-libertaires\/wp-content\/uploads\/dorey-fete-arac-ecully-06-08-1922-1.jpg 800w, http:\/\/atelierdecreationlibertaire.com\/blogs1\/images-de-libertaires\/wp-content\/uploads\/dorey-fete-arac-ecully-06-08-1922-1-300x197.jpg 300w\" sizes=\"(max-width: 767px) 89vw, (max-width: 1000px) 54vw, (max-width: 1071px) 543px, 580px\" \/><\/a><\/p>\n<p>Au dos de la photo figurent quelques noms aujourd&rsquo;hui oubli\u00e9s.<\/p>\n<p><a href=\"http:\/\/atelierdecreationlibertaire.com\/blogs1\/images-de-libertaires\/wp-content\/uploads\/dorey-fete-arac-ecully-06-08-1922-2.jpg\" rel=\"lightbox[1495]\"><img decoding=\"async\" class=\"aligncenter size-medium wp-image-1504\" title=\"dorey-fete-arac-ecully-06-08-1922-2\" src=\"http:\/\/atelierdecreationlibertaire.com\/blogs1\/images-de-libertaires\/wp-content\/uploads\/dorey-fete-arac-ecully-06-08-1922-2.jpg\" alt=\"dorey-fete-arac-ecully-06-08-1922-2\" width=\"515\" srcset=\"http:\/\/atelierdecreationlibertaire.com\/blogs1\/images-de-libertaires\/wp-content\/uploads\/dorey-fete-arac-ecully-06-08-1922-2.jpg 800w, http:\/\/atelierdecreationlibertaire.com\/blogs1\/images-de-libertaires\/wp-content\/uploads\/dorey-fete-arac-ecully-06-08-1922-2-300x196.jpg 300w\" sizes=\"(max-width: 767px) 89vw, (max-width: 1000px) 54vw, (max-width: 1071px) 543px, 580px\" \/><\/a><\/p>\n<div class=\"tweetthis\" style=\"text-align:left;\"><p> <a target=\"_blank\" rel=\"nofollow\" class=\"tt\" href=\"http:\/\/twitter.com\/home\/?status=6+ao%C3%BBt+1922+%E2%80%93+f%C3%AAte+de+l%E2%80%99A.R.A.C+%C3%A0+Ecully+https%3A%2F%2Ftinyurl.com%2Fyoz25ya5\" title=\"Post to Twitter\"><img decoding=\"async\" class=\"nothumb\" src=\"http:\/\/atelierdecreationlibertaire.com\/blogs1\/images-de-libertaires\/wp-content\/plugins\/tweet-this\/icons\/en\/twitter\/tt-twitter-micro3.png\" alt=\"Post to Twitter\" \/><\/a><\/p><\/div>","protected":false},"excerpt":{"rendered":"<p>Dans un des cartons d&rsquo;archives donn\u00e9s au Centre de documentation libertaire de Lyon par Roger Dorey, une photo carte postale tir\u00e9e lors de la f\u00eate de l&rsquo;A.R.A.C. du 6 ao\u00fbt 1922 \u00e0 Ecully. L&rsquo;A.R.A.C (Association r\u00e9publicaine des anciens combattants) avait \u00e9t\u00e9 fond\u00e9e en 1917. En regardant de plus pr\u00e8s les journaux tenus par ces jeunes &hellip; <\/p>\n<p class=\"link-more\"><a href=\"http:\/\/atelierdecreationlibertaire.com\/blogs1\/images-de-libertaires\/6-aout-1922-fete-de-larac-a-ecully-1495\/\" class=\"more-link\">Continuer la lecture<span class=\"screen-reader-text\"> de &laquo;&nbsp;6 ao\u00fbt 1922 &#8211; f\u00eate de l&rsquo;A.R.A.C \u00e0 Ecully&nbsp;&raquo;<\/span><\/a><\/p>\n","protected":false},"author":1,"featured_media":0,"comment_status":"open","ping_status":"closed","sticky":false,"template":"","format":"standard","meta":{"footnotes":""},"categories":[53,5],"tags":[20],"_links":{"self":[{"href":"http:\/\/atelierdecreationlibertaire.com\/blogs1\/images-de-libertaires\/wp-json\/wp\/v2\/posts\/1495"}],"collection":[{"href":"http:\/\/atelierdecreationlibertaire.com\/blogs1\/images-de-libertaires\/wp-json\/wp\/v2\/posts"}],"about":[{"href":"http:\/\/atelierdecreationlibertaire.com\/blogs1\/images-de-libertaires\/wp-json\/wp\/v2\/types\/post"}],"author":[{"embeddable":true,"href":"http:\/\/atelierdecreationlibertaire.com\/blogs1\/images-de-libertaires\/wp-json\/wp\/v2\/users\/1"}],"replies":[{"embeddable":true,"href":"http:\/\/atelierdecreationlibertaire.com\/blogs1\/images-de-libertaires\/wp-json\/wp\/v2\/comments?post=1495"}],"version-history":[{"count":13,"href":"http:\/\/atelierdecreationlibertaire.com\/blogs1\/images-de-libertaires\/wp-json\/wp\/v2\/posts\/1495\/revisions"}],"predecessor-version":[{"id":1510,"href":"http:\/\/atelierdecreationlibertaire.com\/blogs1\/images-de-libertaires\/wp-json\/wp\/v2\/posts\/1495\/revisions\/1510"}],"wp:attachment":[{"href":"http:\/\/atelierdecreationlibertaire.com\/blogs1\/images-de-libertaires\/wp-json\/wp\/v2\/media?parent=1495"}],"wp:term":[{"taxonomy":"category","embeddable":true,"href":"http:\/\/atelierdecreationlibertaire.com\/blogs1\/images-de-libertaires\/wp-json\/wp\/v2\/categories?post=1495"},{"taxonomy":"post_tag","embeddable":true,"href":"http:\/\/atelierdecreationlibertaire.com\/blogs1\/images-de-libertaires\/wp-json\/wp\/v2\/tags?post=1495"}],"curies":[{"name":"wp","href":"https:\/\/api.w.org\/{rel}","templated":true}]}}