{"id":1533,"date":"2018-12-06T19:51:30","date_gmt":"2018-12-06T17:51:30","guid":{"rendered":"http:\/\/atelierdecreationlibertaire.com\/blogs\/images-de-libertaires\/?p=1533"},"modified":"2018-12-16T19:08:05","modified_gmt":"2018-12-16T17:08:05","slug":"histoire-de-jose-ruiz-perez-dit-felix-1917-2004","status":"publish","type":"post","link":"http:\/\/atelierdecreationlibertaire.com\/blogs1\/images-de-libertaires\/histoire-de-jose-ruiz-perez-dit-felix-1917-2004-1533\/","title":{"rendered":"Histoire de Jos\u00e9 Ruiz P\u00e9rez, dit F\u00e9lix (1917-2004)"},"content":{"rendered":"<p style=\"text-align: left;\"><em>Par curiosit\u00e9, je d\u00e9couvre sur le blog une<a href=\"http:\/\/atelierdecreationlibertaire.com\/blogs1\/images-de-libertaires\/bartolome-flores-cano-1086\/\"> photo d\u2019un groupe de la Barraca<\/a>.<br \/>\nQu\u2019elle n\u2019est pas ma surprise de reconna\u00eetre le visage d\u2019un des fr\u00e8res de ma m\u00e8re Joseph Martinez sous son grand chapeau.<br \/>\nJ\u2019interroge ma m\u00e8re qui \u00e0 97 ans, et elle me raconte que mon oncle Joseph, qui n\u2019\u00e9tait pas militant, il allait tr\u00e8s r\u00e9guli\u00e8rement car l\u2019ambiance \u00e9tait chaleureuse pour tous.<br \/>\nCette fa\u00e7on de faire accueillante et fraternelle, va \u00eatre \u00e0 l\u2019origine de l\u2019engagement militant de mon p\u00e8re et de mon autre oncle dont les noms de guerre sont pour l\u2019un F\u00e9lix et l\u2019autre Victor.<br \/>\n<\/em><!--more--><br \/>\n<strong>HISTOIRE DE JOS\u00c9 RUIZ P\u00c9REZ dit F\u00c9LIX<\/strong><br \/>\nMon p\u00e8re Jos\u00e9 dit Pepe pour la famille est n\u00e9 le 5 novembre 1917 \u00e0 Cartagena (province de Murcia). Son p\u00e8re a \u00e9t\u00e9 mineur puis modeste, malade, il devient aubergiste pour les mineurs avec\u00a0 sa femme.<br \/>\nLe couple aura 6 enfants avant d\u2019immigrer en \u00e0 Lyon.<\/p>\n<p><strong>Avant 1936: les ann\u00e9es de l\u2019\u00e9ducation Populaire<\/strong><br \/>\nL\u2019immigration \u00e9conomique espagnole dans la r\u00e9gion lyonnaise commence beaucoup plus tardivement que l\u2019immigration italienne par exemple\u00a0 beaucoup plus ancienne.<br \/>\nC\u2019est avec des usines d\u2019armement pendant la guerre de 1914\/1918 que les premiers Espagnols viennent travailler, \u00e0 la demande des employeurs fran\u00e7ais, dans les usines m\u00e9tallurgiques et chimiques de la r\u00e9gion ( fil-dynamo, ) .<br \/>\nLa plupart des immigr\u00e9s viennent des zones les plus pauvres ou les plus touch\u00e9s par la crise c\u2019est-\u00e0-dire que l\u2019Andalousie particuli\u00e8rement de Almer\u00eda, la r\u00e9gion de Murcia et Albacete, \u00e0 la r\u00e9gion de Valencia, tout ce que l\u2019on appelle aujourd\u2019hui le levant espagnol.<br \/>\nLes quelques a\u00een\u00e9s de famille, apr\u00e8s 1918 et le retour des soldats du front, reviennent en Espagne.<br \/>\nMais, les graves crises \u00e9conomiques en particulier dans la r\u00e9gion des mines de Cartagena, \u00e0 la fin des ann\u00e9es 20, les crises agricoles sur la m\u00eame p\u00e9riode dues \u00e0 la s\u00e9cheresse, vont conduire de nouveaux les ain\u00e9s de famille tant celle de mon p\u00e8re et de ma m\u00e8re \u00e0 retourner dans la r\u00e9gion lyonnaise mais avec femmes et enfants.<br \/>\nMon p\u00e8re arrive en 1928 \u00e0 11 ans et commence \u00e0 travailler aussit\u00f4t \u00e0 la verrerie\u00a0 Rue Paul Kruger comme \u00ab\u00a0gar\u00e7on \u00e0 tout faire\u00a0\u00bb.<br \/>\nMa m\u00e8re arrive \u00e0 7 ans et doit aller \u00e0 l\u2019\u00e9cole.<br \/>\nOn raconte peu de choses de cette p\u00e9riode, de ces \u00ab\u00a0espingouins\u00a0\u00bb ou \u00ab\u00a0escargots\u00a0\u00bb\u00a0 pour lesquelles le logement est tr\u00e8s difficile\u00a0 comme les autres familles d\u2019immigr\u00e9s. Comme beaucoup de famille nombreuse, la famille\u00a0 s\u2019est\u00a0 log\u00e9e dans des baraques de chantier, un peu am\u00e9lior\u00e9es, au milieu des jardins ouvriers en plein centre de Villeurbanne. Ma m\u00e8re ma parle de sa honte \u00e0 l\u2019\u00e9cole avec les autres filles, ses v\u00eatements d\u00e9mod\u00e9s, la pauvret\u00e9, le fran\u00e7ais mal compris, mal parl\u00e9, tr\u00e8s mal \u00e9crit.<br \/>\nCe que je sais, des d\u00e9buts de l\u2019engagement\u00a0 de mon p\u00e8re, Jose Ruiz Perez, c\u2019est que le noyau de la CNT de Villeurbanne de \u00e9poque (1925\/1935) mettent en place des cours du soir pour alphab\u00e9tiser les jeunes ouvriers espagnols. Ci-joint une photo avec Victor avec des militants.<\/p>\n<p><img loading=\"lazy\" decoding=\"async\" class=\"aligncenter size-full wp-image-1542\" src=\"http:\/\/atelierdecreationlibertaire.com\/blogs1\/images-de-libertaires\/wp-content\/uploads\/IMG_4919.jpg\" alt=\"\" width=\"640\" height=\"440\" \/>\u00a0\u00a0\u00a0\u00a0C\u2019est l\u00e0 o\u00f9 mon p\u00e8re va apprendre \u00e0 lire et \u00e0 \u00e9crire en fran\u00e7ais vers 14\/15 ans. Il va aussi apprendre un peu d\u2019esp\u00e9ranto et avoir tous ses copains.<br \/>\nCe qu\u2019il me raconte c\u2019est que, c\u2019\u00e9tait aussi des moments tr\u00e8s chaleureux, o\u00f9, il y avait des sorties, \u00e0 la campagne, tous ensemble, on passait de bons moments. Il y avait aussi cette id\u00e9e que l\u2019\u00e9ducation populaire passe par le th\u00e9\u00e2tre. C\u2019est la, ou mon p\u00e8re prend son surnom F\u00e9lix ou dans une pi\u00e8ce, il a jou\u00e9 le r\u00f4le d\u2019un cur\u00e9, le P\u00e8re F\u00e9lix.\u00a0 Il aurait tellement mal jou\u00e9, que toute la bande va lui coller ce surnom. Ils \u00e9taient tous tr\u00e8s jeunes, entre 16 et 18 ans. Au-del\u00e0 des cours du soir, il y avait aussi des enseignements sur l\u2019\u00e9cologie avant l\u2019heure : beaucoup sont devenus naturistes, v\u00e9g\u00e9tariens. Un de des cousins de F\u00e9lix d\u2019ailleurs \u00e0 conserver ce surnom \u00ab\u00a0el primo naturista\u00a0\u00bb.<br \/>\nCela va donner chez F\u00e9lix\u00a0 une \u00e9thique de la nourriture saine qu\u2019il a conserv\u00e9 jusqu\u2019\u00e0 la fin de ses jours. Enfin, il y avait l\u2019enseignement politique, en vue de l\u2019adh\u00e9sion \u00e0 la cause.<br \/>\nLe travail des militants anarchistes plus ancien en particulier ceux venus d\u2019ARAC pour soutenir ces jeunes ouvriers espagnols d\u00e9racin\u00e9s a \u00e9t\u00e9 impressionnant. Le groupe auquel va appartenir F\u00e9lix se r\u00e9unissait \u00e0 La Barraca cours Emile Zola (en face de la rue Greuze, au rez-de-chauss\u00e9e). C\u2019\u00e9tait le quartier des espagnols, car derri\u00e8re les fa\u00e7ades des maisons, il y avait les bidonvilles. La Barraca \u00a0n\u2019\u00e9tait pas seulement le lieu politique o\u00f9 se r\u00e9unissaient les libertaires d\u2019espagnols de Villeurbanne, c\u2019\u00e9tait aussi un endroit sympathique o\u00f9 tous les jeunes espagnols du quartier se retrouvaient pour discuter et passer un moment. On y jouait aux cartes, c\u2019\u00e9tait un lieu de rire et de libert\u00e9.<br \/>\nLa Barraca \u00a0est le reflet, l\u2019embl\u00e8me, du d\u00e9vouement et de l\u2019engagement militant des plus anciens comme Ruiperez.<br \/>\nC\u2019est pour cela aussi que, mon p\u00e8re est devenu membre de la CNT\/FAI.<br \/>\nIl s\u2019est li\u00e9 d\u2019amiti\u00e9 avec le fr\u00e8re de ma m\u00e8re Gines Martinez Yuste qui prend le surnom de Victor. L\u2019esp\u00e9rance libertaire, le sens du devoir pour apporter la paie \u00e0 la famille faisait supporter \u00e0 mon p\u00e8re les petits boulots, les conditions de travail difficile des gosses immigr\u00e9s.<\/p>\n<p><strong>1936-1939: La Guerre d\u2019Espagne<\/strong><br \/>\nAvec le Front populaire, et le soul\u00e8vement des militaires factieux espagnols, toute la petite communaut\u00e9 des jeunes ouvriers espagnols de Villeurbanne se sent pousser un \u00e9lan tr\u00e8s fort pour venir aider la R\u00e9publique.<br \/>\nMa m\u00e8re, qui a 15\/16 ans \u00e0 l\u2019\u00e9poque, me raconte qu\u2019elle mettait une jupe noire et un chemisier rouge et avec sa s\u0153ur et d\u2019autres amies, elles allaient faire des r\u00e9coltes de fonds pour soutenir les r\u00e9publicains.<br \/>\nF\u00e9lix \u00a0(au centre de la photo ci-jointe faite en 1937 \u00e0 Barcelone) et deux copains, Gines alias Victor et Pelegr\u00edn d\u00e9cident de partir s\u2019engager comme volontaires pour l\u2019Espagne.<\/p>\n<p><img loading=\"lazy\" decoding=\"async\" class=\"aligncenter size-full wp-image-1546\" src=\"http:\/\/atelierdecreationlibertaire.com\/blogs1\/images-de-libertaires\/wp-content\/uploads\/IMG_4938.jpg\" alt=\"\" width=\"360\" height=\"480\" \/><\/p>\n<p>Il faut savoir que mon p\u00e8re, comme l\u2019a\u00een\u00e9 des fils, \u00e9tait soutien de famille, (car mon grand-p\u00e8re \u00e9tait d\u00e9c\u00e9d\u00e9 un an avant de la silicose qu\u2019il avait contract\u00e9 en Espagne dans les mines de la Union).<br \/>\nJe sais que ce fut vers le mois de septembre 1936 qu\u2019ils partent, et mon p\u00e8re me raconte la course pour aller prendre le train qui partait et la tentative d\u00e9sesp\u00e9r\u00e9e de ma grand-m\u00e8re qui courrait sur le quai pour retenir son fils a\u00een\u00e9.<br \/>\nUn article du journal Le progr\u00e8s de Lyon sera d\u2019ailleurs consacr\u00e9 aux volontaires espagnols, en mentionnant leur nom.<\/p>\n<p>Dans le train, ils se sont retrouv\u00e9s avec des militants de toute l\u2019Europe. L\u2019ambiance \u00e9tait incroyable !<br \/>\nArriv\u00e9s \u00e0 Barcelone, Victor d\u00e9cide de rejoindre les milices dans la ville.<\/p>\n<p><img loading=\"lazy\" decoding=\"async\" class=\"aligncenter size-full wp-image-1534\" src=\"http:\/\/atelierdecreationlibertaire.com\/blogs1\/images-de-libertaires\/wp-content\/uploads\/IMG_4939.jpg\" alt=\"\" width=\"360\" height=\"480\" \/><\/p>\n<p>Felix , pr\u00e9f\u00e8re avec Pelegr\u00edn rejoindre le front . Apr\u00e8s des classes tr\u00e8s sommaire \u00e0 la caserne Carlo Marx (L\u2019anecdote de l\u2019apprentissage du pr\u00e9senter armes avec b\u00e2tons et des manches de pioche du film de Ken Loach <em>Land and Freedom<\/em> que mon p\u00e8re a vu avec moi est tr\u00e8s juste).<\/p>\n<p>Felix part en Aragon.<br \/>\nSelon lui, ces premiers mois de l\u2019automne et l\u2019Hivers 1936 sont extraordinaires: travail dans les champs dans les communaut\u00e9s villageoises, amiti\u00e9s au front avec des militants internationaux. F\u00e9lix c\u2019est li\u00e9 avec des internationaux bien sur Fran\u00e7ais,\u00a0 mais aussi allemands, italiens et m\u00eame anglais. Dans l\u2019extraordinaire ouvrage Les Gemmologues d\u2019Antoine Gim\u00e9nez , j\u2019ai retrouv\u00e9 tout \u00e0 fait l\u2019ambiance que m\u2019a racont\u00e9 une fois mon p\u00e8re il y a une vingtaine d\u2019ann\u00e9e. Ci-joint une photo avec Victor en Espagne parmi les militants.<\/p>\n<p><img loading=\"lazy\" decoding=\"async\" class=\"aligncenter size-full wp-image-1543\" src=\"http:\/\/atelierdecreationlibertaire.com\/blogs1\/images-de-libertaires\/wp-content\/uploads\/IMG_4920.jpg\" alt=\"\" width=\"587\" height=\"480\" \/><\/p>\n<p>Ensuite les choses se compliquent sur le front d\u2019Aragon et je sais qu\u2019il va \u00eatre envoy\u00e9 pour l\u2019offensive sur Belchite entre aout et septembre 1937. (Nous n\u2019avons plus de photos de cette p\u00e9riode car tout a \u00e9t\u00e9 br\u00fbl\u00e9 par ma grand-m\u00e8re en 1942 lors d\u2019une tentative des Allemands pour arr\u00eater mon p\u00e8re.<br \/>\nCi-joint n\u00e9anmoins la photo d\u2019un de ses amis Carlos Campos dans une tranch\u00e9e).<\/p>\n<p><img loading=\"lazy\" decoding=\"async\" class=\"aligncenter size-full wp-image-1540\" src=\"http:\/\/atelierdecreationlibertaire.com\/blogs1\/images-de-libertaires\/wp-content\/uploads\/IMG_4892.jpg\" alt=\"\" width=\"640\" height=\"387\" \/><\/p>\n<p>Je ne sais pas ce qui s\u2019est pass\u00e9 durant cette p\u00e9riode car mon p\u00e8re n\u2019en parlait pas.<br \/>\nJe sais seulement qu\u2019il a conserv\u00e9 une photo de lui paru dans un journal sur place. Pourquoi ? Je n\u2019en sais rien ! Mais il a \u00e9t\u00e9 mis \u00e0 l\u2019honneur.<\/p>\n<p><img loading=\"lazy\" decoding=\"async\" class=\"aligncenter size-full wp-image-1541\" src=\"http:\/\/atelierdecreationlibertaire.com\/blogs1\/images-de-libertaires\/wp-content\/uploads\/IMG_4893.jpg\" alt=\"\" width=\"360\" height=\"480\" \/><\/p>\n<p>C\u2019est \u00e0 cette \u00e9poque que lors d\u2019une offensive \u00e0 la ba\u00efonnette contre les tranch\u00e9es\u00a0 franquistes,\u00a0 que F\u00e9lix va \u00eatre gri\u00e8vement bless\u00e9 au bras gauche! Lors de la course pour enlever la tranch\u00e9e il ne se rend pas tout de suite compte qu\u2019il est bless\u00e9 car l\u2019adr\u00e9naline du combat le fait tenir. La chemise se couvre de sang et ses compagnons lui\u00a0 disent de s\u2019arr\u00eater de courir et de repartir. Il va vite perdre connaissance, il sera laiss\u00e9 pour mort dans un r\u00e9duit entour\u00e9 de cadavres.<br \/>\nIl s\u2019\u00e9tait vid\u00e9 de son sang.(Enfant, quand je voyais mon p\u00e8re torse nu, j\u2019a toujours \u00e9t\u00e9 \u00e9tonn\u00e9 de voir la petite trace blanche \u00e0 l\u2019avant du biceps la cicatrice laiss\u00e9e par l\u2019entr\u00e9e de la balle, et de l\u2019\u00e9norme marque \u00e0 l\u2019arri\u00e8re du biceps , c\u2019\u00e9tait la sortie de la balle qui avait arrach\u00e9 une partie du muscle).<br \/>\nReprenant connaissance au petit matin au milieu des morts il va \u00eatre n\u00e9anmoins secouru et soign\u00e9.<br \/>\nIl retourne \u00e0 Barcelone en convalescence.<br \/>\nDe cet \u00e9pisode, il ne t\u00e9moignera que de quelques anecdotes, dans celle o\u00f9 il raconte que Victor, Joli c\u0153ur, souffle \u00e0 mon p\u00e8re toutes ses conqu\u00eates f\u00e9minines. Dans les magasins, les combattants ne payaient rien. Les permissionnaires \u00e9taient nourris gratuitement ce qui l\u2019a marqu\u00e9. Je ne sais pas ce qu\u2019est devenu pendant cette p\u00e9riode P\u00e8legrin, si ce n\u2019est qu\u2019il a \u00e9t\u00e9 gri\u00e8vement bless\u00e9 est amput\u00e9 d\u2019un bras.<br \/>\nL\u2019\u00e9pisode de la militarisation des milices, sur le front, de la reprise en main par renforcement de la bureaucratie militaire, apr\u00e8s tant de combats, a laiss\u00e9 de tr\u00e8s fortes traces chez mon p\u00e8re \u00e0 partir de 1937.<br \/>\nJ\u2019ai cru comprendre, qu\u2019il a v\u00e9cu un grave moment de d\u00e9couragement, au point d\u2019essayer de fuir.<br \/>\nComment il a v\u00e9cu cette p\u00e9riode o\u00f9 les anarchistes deviennent les bouc-\u00e9missaires pour les communistes?<br \/>\nQuoi qu\u2019il en soit, quelles que soient ses tentatives, il r\u00e9int\u00e8gre un r\u00e9giment et part pour le front \u00e0 L\u00e9rida en Catalogne et se retrouve embarqu\u00e9 en 1938 dans la bataille de l\u2019Ebre.<\/p>\n<p>Mais il ne parlait pas de la guerre et de ces moments horribles sauf \u00e0 la fin de sa vie en de rares moments. A la mort de mon p\u00e8re, nous avons retrouv\u00e9 deux ces carnets de guerre de 1938 rang\u00e9s sous une pile de linge dans l\u2019armoire de sa chambre.<\/p>\n<p><img loading=\"lazy\" decoding=\"async\" class=\"aligncenter size-full wp-image-1539\" src=\"http:\/\/atelierdecreationlibertaire.com\/blogs1\/images-de-libertaires\/wp-content\/uploads\/IMG_4445.jpg\" alt=\"\" width=\"359\" height=\"480\" \/><\/p>\n<p>Il m\u2019a racont\u00e9 qu\u2019il \u00e9tait en charge de d\u00e9rouler les fils de t\u00e9l\u00e9phone de campagne pour les transmissions. Il m\u2019a parl\u00e9 d\u2019une anecdote.\u00a0 Lors d\u2019une installation du fil de t\u00e9l\u00e9phone entre les tranch\u00e9es, ils ont \u00e9t\u00e9 pris par surprise par une offensive franquiste lui et son bin\u00f4me.<br \/>\nMon p\u00e8re se jette dans un trou d\u2019obus et fait le mort. Les assaillants l\u2019enjambent sans le toucher puis ils seront repouss\u00e9s. Mon p\u00e8re est sain et sauf mais son compagnon n\u2019a jamais \u00e9t\u00e9 retrouv\u00e9.<br \/>\nIl me raconte aussi que durant la bataille de l\u2019Ebre, il manquait de tout et en particulier de nourriture. Le ravitaillement \u00e9tait mal assur\u00e9.<br \/>\nC\u2019\u00e9tait l\u2019\u00e9t\u00e9 et ils ont \u00e9t\u00e9 nombreux \u00e0 aller ramasser des amandes dans les champs car les r\u00e9coltes \u00e9taient abandonn\u00e9es par les paysans qui avaient fuis la zone de combat.<br \/>\nLes franquistes auraient cru que c\u2019\u00e9tait une tentative d\u2019attaque r\u00e9publicaine et ils ont contre-attaqu\u00e9s en lan\u00e7ant une charge cavalerie. D\u2019apr\u00e8s les sources historiques, ce fut la derni\u00e8re charge de cavalerie de la guerre.<br \/>\nA part ces anecdotes qui l\u2019amusaient, il n\u2019a presque jamais parl\u00e9 des combats.<\/p>\n<p>La retraite d\u00e9but 1939 dans les Pyr\u00e9n\u00e9es ( la Retirada) a beaucoup marqu\u00e9 mon p\u00e8re.<br \/>\nLe froid ou il ne fallait surtout pas c\u00e9der \u00e0 la fatigue et tomber dans la neige \u00a0\u00e9tait horrible.<br \/>\nL\u2019eau glac\u00e9e qui ruisselait dans le cou en glissant le long du fusil. Ils dormaient en marchant et titubant de fatigue ils ont pu atteindre la fronti\u00e8re fran\u00e7aise\u00a0!<br \/>\nPapa va \u00eatre ensuite intern\u00e9 au camp de Argel\u00e8s sur mer.<br \/>\nF\u00e9lix fait parvenir des nouvelles \u00e0 sa m\u00e8re qui envoie un cousin pour essayer de le sortir de l\u00e0 une premi\u00e8re fois mais sans succ\u00e8s. Le camp est gard\u00e9. La seconde fois elle va, elle-m\u00eame aller le chercher, avec des v\u00eatements civils et \u00ab\u00a0el primo naturista\u00a0\u00bb.<br \/>\nGr\u00e2ce aux v\u00eatements civils jet\u00e9s par-dessus les barbel\u00e9s, mon p\u00e8re pourra sortir du camp, passer les gardes s\u00e9n\u00e9galais, en se faisant passer pour un ouvrier fran\u00e7ais. (\u00ab T\u2019es espagnol toi ? Est ce que j\u2019ai une t\u00eate d\u2019espagnol \u00bb r\u00e9pond F\u00e9lix et il passe).<br \/>\nIl va pouvoir ensuite remonter sur Villeurbanne et se cacher jusqu\u2019\u00e0 l\u2019obtention d\u2019un titre de s\u00e9jour.<br \/>\nPellegrin amput\u00e9, avait pu revenir plut\u00f4t en France. Et Victor aussi.<\/p>\n<p><strong>Les ann\u00e9es 1939-1945: un engagement en retrait ?<\/strong><\/p>\n<p>De retour \u00e0 Villeurbanne, je sais que la f\u00e9d\u00e9ration locale de CNT avait en responsabilit\u00e9 des orphelins de guerre, des colonies de vacances et avait essay\u00e9 d\u2019appuyer et d\u2019assister les familles qui avaient fui l\u2019Espagne franquiste.<br \/>\nCe sont dans ces ann\u00e9es l\u00e0 que mon p\u00e8re rencontre Juan Peres dit El Pelao et sa s\u0153ur juana Perez jeune veuve d\u2019un mari mort au combat et qui avait \u00e9t\u00e9\u00a0\u00ab\u00a0 pistolera\u00a0\u00bb en Espagne.<br \/>\nMon p\u00e8re va retrouver du travail dans les champs, avec les compagnons de combats\u00a0 puis ensuite avec les papiers en r\u00e8gle , dans les terrassements.<\/p>\n<p>(Photo en septembre 1941)<\/p>\n<p><img loading=\"lazy\" decoding=\"async\" class=\"aligncenter size-full wp-image-1536\" src=\"http:\/\/atelierdecreationlibertaire.com\/blogs1\/images-de-libertaires\/wp-content\/uploads\/IMG_5004.jpg\" alt=\"\" width=\"402\" height=\"480\" \/><\/p>\n<p>Il est soutien de sa famille \u00e0 nouveau soit 7 personnes. Il va \u00e9pouser le 25 septembre 1943 la s\u0153ur de Victor : Carmen Martinez, ma m\u00e8re.<br \/>\nVictor ne veut pas reprendre la vie normale, je sais peu de choses de ce qu\u2019il fait lors des ann\u00e9es 1940\/1941.<br \/>\nPar contre il va rejoindre les premiers noyaux d\u2019espagnols qui \u00e9taient dans des camps de travail en Ard\u00e8che (photo ci-dessous)<\/p>\n<p>.<img loading=\"lazy\" decoding=\"async\" class=\"aligncenter size-full wp-image-1544\" src=\"http:\/\/atelierdecreationlibertaire.com\/blogs1\/images-de-libertaires\/wp-content\/uploads\/IMG_4921.jpg\" alt=\"\" width=\"640\" height=\"480\" \/><\/p>\n<p>La plupart \u00e9taient \u00e0 anarchistes, et ils vont constituer le cercle des premiers mouvements de r\u00e9sistance.<br \/>\nIls avaient d\u00e9j\u00e0 \u00a0l\u2019exp\u00e9rience du combat.<br \/>\nPapa ne rejoint pas mon oncle.<br \/>\nSon mariage lui donne une nouvelle responsabilit\u00e9.<br \/>\nIl faut arriver \u00e0 nourrir toute la famille et ramener \u00e0 manger en allant travailler aussi \u00e0 la campagne. Mon p\u00e8re veut continuer l\u2019action militante et ma m\u00e8re ne sera pas d\u2019accord.<br \/>\nC\u2019est dangereux. F\u00e9lix et son fr\u00e8re cadet ont\u00a0 \u00e9t\u00e9 d\u00e9nonc\u00e9 \u00e0 3 reprises et la police fran\u00e7aise puis les Allemands ont \u00e9t\u00e9 le rechercher chez se m\u00e8re F\u00e9lix. Cela a fait terriblement peur \u00e0 la Grand m\u00e8re.<br \/>\nChaque fois, un petit mot \u00e9t\u00e9 d\u00e9pos\u00e9 les invitant \u00e0 se cacher avant l\u2019arriv\u00e9e des allemands. C\u2019est gr\u00e2ce, \u00e0 ce petit acte de soutien anonyme, que mon p\u00e8re n\u2019a pas \u00e9t\u00e9 arr\u00eat\u00e9.<br \/>\nApr\u00e8s leur mariage en 1943, mes parents s\u2019installent vers la Part-Dieu (rue Ternois \u00e0 Lyon 3ieme). Mon p\u00e8re avait accept\u00e9 de cacher les armes \u00e0 la cave car sa proximit\u00e9 de la gare permettait aux groupes de r\u00e9sistants de pouvoir organiser une action contre les Allemands. Mais il ne voulait plus continuer \u00e0 tuer. La guerre en Espagne l\u2019avait \u00e9c\u0153ur\u00e9. Aider oui, combattre: non.<br \/>\nEncore maintenant, ma m\u00e8re en veut \u00e0 mon p\u00e8re d\u2019avoir risqu\u00e9 leur vie en cachant des armes chez eux.<br \/>\nConcernant Victor, nous savons peu de choses durant cette m\u00eame p\u00e9riode.<br \/>\nSelon ma m\u00e8re pendant toutes les ann\u00e9es de guerre il n\u2019\u00e9tait jamais pr\u00e9sent chez lui chez la grand-m\u00e8re sauf de fa\u00e7on tr\u00e8s \u00e9pisodique.<br \/>\nIl faisait le Joli c\u0153ur \u00e0 la campagne dit ma m\u00e8re.<br \/>\nEn fait, il \u00e9tait tr\u00e8s actif dans la r\u00e9sistance, en appui.<br \/>\nJ\u2019ai retrouv\u00e9 quelques photos que mon oncle avant de mourir bien des ann\u00e9es plus tard ,\u00e0 demand\u00e9 \u00e0 mes parents de conserver.<\/p>\n<p><img loading=\"lazy\" decoding=\"async\" class=\"aligncenter size-full wp-image-1535\" src=\"http:\/\/atelierdecreationlibertaire.com\/blogs1\/images-de-libertaires\/wp-content\/uploads\/IMG_4940.jpg\" alt=\"\" width=\"640\" height=\"480\" \/><\/p>\n<p><strong>1945-1951 : le retour de l\u2019action militante<\/strong><\/p>\n<p>\u00c0 cette \u00e9poque, F\u00e9lix est ouvrier dans une usine de papiers-peints.<br \/>\n\u00c0 partir de la Lib\u00e9ration, le groupe militant anarchiste se reconstitue \u00e0 Villeurbanne au sein de la f\u00e9d\u00e9ration locale de la CNT.<br \/>\nLe groupe artistique \u00ab\u00a0Tierra y Libertad\u00a0\u00bb reprend l\u2019activit\u00e9 th\u00e9\u00e2trale d\u2019avant guerre en particulier du th\u00e9\u00e2tre politique. En \u00e9tant mari\u00e9 et p\u00e8re d\u2019un petit gar\u00e7on \u00e0 partir de 1947, il \u00e9tait plus difficile \u00e0 F\u00e9lix \u00a0de continuer \u00e0 avoir une action militante forte. Il reste proche de Pellegrin mais pas de Victor qui continuent sa vie d\u2019errance.<br \/>\nJ\u2019ai retrouv\u00e9 trois photos o\u00f9 mon p\u00e8re joue le r\u00f4le d\u2019un garde civil \u00a0( \u00e0 gauche de la photo)lors d\u2019une repr\u00e9sentation th\u00e9\u00e2trale.<\/p>\n<p><img loading=\"lazy\" decoding=\"async\" class=\"aligncenter size-full wp-image-1545\" src=\"http:\/\/atelierdecreationlibertaire.com\/blogs1\/images-de-libertaires\/wp-content\/uploads\/IMG_4923.jpg\" alt=\"\" width=\"359\" height=\"480\" \/><\/p>\n<p>C\u2019est \u00e0 cette \u00e9poque je crois que papa a bien connu Cailles, Flores, Paco Perez, Juan El Pelao , les Mata, Adelamo, Alfonso dit Bourbon, etc.,<br \/>\nLe grand \u00e9v\u00e9nement sera \u00e9videmment l\u2019affaire de la rue Du Guesclin.<br \/>\nCette histoire \u00e9tait taboue.<br \/>\nJe n\u2019ai appris, que bien plus tard ce qui s\u2019\u00e9tait pass\u00e9.<br \/>\nLe groupe militant s\u2019effor\u00e7ait d\u2019envoyer des fonds \u00e0 la CNT en exil \u00e0 Paris. Il fallait financer les op\u00e9rations en Espagne comme la tentative d\u2019attentat a\u00e9rien contre Franco.<br \/>\nC\u2019est un noyau avec les deux fr\u00e8res Mata et Juan El pelao qui d\u00e9cident clandestinement de passer \u00e0 niveau plus \u00e9lev\u00e9 le financement de l\u2019action antifranquiste par le vol et du trafic de voiture \u00e1 partir de 1946. Je confirme que l\u2019argent issus de ces actions \u00e9tait d\u00e9di\u00e9 \u00e0 l\u2019action clandestine contre le fascisme.<br \/>\nMa m\u00e8re raconte que juan El pelao et sa compagne, amis de mes parents, vivaient modestement. Et tr\u00e8s r\u00e9guli\u00e8rement entre 1946 et 1951, ils venaient se r\u00e9fugier chez eux. Toujours selon ma m\u00e8re, les Mata, comme Juan el pelao \u00e9taient incapables de reprendre une vie normale et de travailler comme les autres apr\u00e8s les ann\u00e9es de guerre. La gu\u00e9rilla, l\u2019aventure \u00e9tait leur carburant. Les militants de la CNT \u00e0 Villeurbanne commencent \u00e0 suspecter le petit groupe de d\u00e9passer les limites.<br \/>\nLes uns et les autres restaient amis mais au sein du mouvement libertaire espagnol, les actions ill\u00e9gales contre la France \u00e9taient tr\u00e8s contest\u00e9es. Le groupe Mata\/ El Pelao va prendre de l\u2019assurance et apr\u00e8s quelques ann\u00e9es il va faire des actions plus dangereuses et violentes que le vol de voitures jusqu\u2019a l\u2019affaire de la Rue Du Guesclin.<br \/>\nLe 18 janvier 1951, Une heure apr\u00e8s l\u2019attaque du fourgon devant le bureau de poste et de la mort de 3 personnes dont\u00a0 des gendarmes : juan El pelao demande l\u2019assistance \u00e0 mon p\u00e8re. Sans attendre et sans savoir ce qui s\u2019\u00e9tait pass\u00e9, F\u00e9lix va les conduire chez des amis.<br \/>\nDe retour \u00e0 la maison, la police \u00e9tait la.<br \/>\nComment ont-ils su\u00a0 si vite\u00a0?on ne sait pas. F\u00e9lix va \u00eatre exhib\u00e9 par la police dans plein d\u2019endroits pour essayer de le faire identifier comme \u00e9tant ou pas un membre du commando. Papa va s\u2019en sortir de justesse reconnu par personne.<br \/>\nPar contre la s\u0153ur de Juan El pelao, Juana Sanchez et son compagnon Alfonso dit Bourbon \u00a0seront maltrait\u00e9s. Bourbon \u00e9tait appui au secr\u00e9taire dans l\u2019association gestionnaire des fonds de l\u2019organisation locale. Or Juana et Bourbon avaient cach\u00e9 des armes chez eux. Juana \u00a0va \u00eatre soumise \u00e0 des actes inadmissibles. Pour la faire parler ils vont la gifler et \u00a0jusqu\u2019\u00e0 lui br\u00fbler les bouts de seins \u00e0 la cigarette.<br \/>\nEl Pelao et sa\u00a0 compagne seront \u00a0arr\u00eat\u00e9s.<br \/>\nLa famille du commando sera aussi interdite de s\u00e9jour dans le d\u00e9partement du Rh\u00f4ne. Les filles de Mata vont partir vivre en r\u00e9gion parisienne.<br \/>\nJuana et son compagnon Bourbon, vont aller vivre dans l\u2019Is\u00e8re.<br \/>\nJuan El Pelao va \u00eatre condamn\u00e9 \u00e0 mort, puis sa peine sera commu\u00e9e\u00a0 en prison \u00e0 vie puis bien des ann\u00e9es plus tard en exil hors de France. Le seul pays qui aura accept\u00e9 de l\u2019accueillir sera la Su\u00e8de.<br \/>\nJ\u2019ai \u00e9t\u00e9 le voir, \u00e0 la demande de mon p\u00e8re qui avait son adresse \u00a0en aout 1978 (photo de juan , son fils et sa compagne).<\/p>\n<p><img loading=\"lazy\" decoding=\"async\" class=\"aligncenter size-full wp-image-1538\" src=\"http:\/\/atelierdecreationlibertaire.com\/blogs1\/images-de-libertaires\/wp-content\/uploads\/IMG_5006.jpg\" alt=\"\" width=\"360\" height=\"480\" \/><\/p>\n<p>Apr\u00e8s 1951: l\u2019affaire de la rue Dugesclin va \u00eatre une \u00ab\u00a0bombe\u00a0\u00bb pour tous les autres militants.<\/p>\n<p>L\u2019essentiel des adh\u00e9rents de la CNT locale avaient mis de la distance avec le noyau Mata \/El Pelao<br \/>\nMais la structure locale de la CNT va \u00eatre dissoute. Les fonds issus des vols et donn\u00e9s \u00e0 la CNT vont associer dans l\u2019esprit de tous\u00a0 l\u2019\u00e9quipe Mata\/El Pelao \u00e0 toute la CNT.<br \/>\nLes membres vont \u00eatre pour les plus proches tabass\u00e9s , maltrait\u00e9s et emprisonn\u00e9s puis \u00eatre interdits de s\u00e9jour dans le Rh\u00f4ne pour ceux qui sont complices ,et pour les autres apr\u00e8s avoir bouscul\u00e9s et menac\u00e9s , ils seront surveill\u00e9s par la police. Les conditions d\u2019exercice de l\u2019action anti franquiste vont devenir tr\u00e8s difficiles. Pourtant, ils \u00e9taient tous rest\u00e9s tr\u00e8s r\u00e9solus ! Dans ce contexte, ma m\u00e8re obtient enfin de mon p\u00e8re qu\u2019il cesse toute action militante. En 1952, mon p\u00e8re prend la d\u00e9cision de se faire naturaliser fran\u00e7ais. (photo ci \u2013 dessous de 1952)<\/p>\n<p><img loading=\"lazy\" decoding=\"async\" class=\"aligncenter size-full wp-image-1537\" src=\"http:\/\/atelierdecreationlibertaire.com\/blogs1\/images-de-libertaires\/wp-content\/uploads\/IMG_5005.jpg\" alt=\"\" width=\"360\" height=\"480\" \/><\/p>\n<p>Puis les ann\u00e9es vont passer.<br \/>\nJe me souviens que les anciens vont continuer \u00e0 se r\u00e9unir de fa\u00e7on informelle..<br \/>\nEncore dans les ann\u00e9es 60 et 70, je les voyais s\u2019enfermer \u00a0dans la salle \u00e0 manger avec les volets clos le dimanche apr\u00e8s-midi prendre le caf\u00e9 et l\u2019anis \u00e0 la maison.<br \/>\nF\u00e9lix va travailler comme ouvrier dans la m\u00e9tallurgie jusqu\u2019en 1976 (magasinier chez Amtec France).<br \/>\nIl va ensuite avoir une retraite active mais arrivera la catastrophe de la maladie d\u2019Alzheimer.<br \/>\nIl d\u00e9c\u00e8de le 19 septembre 2004.<\/p>\n<p><img loading=\"lazy\" decoding=\"async\" class=\"aligncenter size-full wp-image-1549\" src=\"http:\/\/atelierdecreationlibertaire.com\/blogs1\/images-de-libertaires\/wp-content\/uploads\/F\u00e9lix.jpg\" alt=\"\" width=\"372\" height=\"498\" \/><\/p>\n<p>Comme le dit Pesoa \u00ab je ne suis rien, jamais je ne serai rien , je ne puis vouloir \u00eatre rien . Cela dit, je porte en moi tous les r\u00eaves du monde \u00bb.<\/p>\n<div class=\"tweetthis\" style=\"text-align:left;\"><p> <a target=\"_blank\" rel=\"nofollow\" class=\"tt\" href=\"http:\/\/twitter.com\/home\/?status=Histoire+de+Jos%C3%A9+Ruiz+P%C3%A9rez%2C+dit+F%C3%A9lix+%281917-2004%29+https%3A%2F%2Ftinyurl.com%2Fyn6fszfo\" title=\"Post to Twitter\"><img decoding=\"async\" class=\"nothumb\" src=\"http:\/\/atelierdecreationlibertaire.com\/blogs1\/images-de-libertaires\/wp-content\/plugins\/tweet-this\/icons\/en\/twitter\/tt-twitter-micro3.png\" alt=\"Post to Twitter\" \/><\/a><\/p><\/div>","protected":false},"excerpt":{"rendered":"<p>Par curiosit\u00e9, je d\u00e9couvre sur le blog une photo d\u2019un groupe de la Barraca. Qu\u2019elle n\u2019est pas ma surprise de reconna\u00eetre le visage d\u2019un des fr\u00e8res de ma m\u00e8re Joseph Martinez sous son grand chapeau. J\u2019interroge ma m\u00e8re qui \u00e0 97 ans, et elle me raconte que mon oncle Joseph, qui n\u2019\u00e9tait pas militant, il &hellip; <\/p>\n<p class=\"link-more\"><a href=\"http:\/\/atelierdecreationlibertaire.com\/blogs1\/images-de-libertaires\/histoire-de-jose-ruiz-perez-dit-felix-1917-2004-1533\/\" class=\"more-link\">Continuer la lecture<span class=\"screen-reader-text\"> de &laquo;&nbsp;Histoire de Jos\u00e9 Ruiz P\u00e9rez, dit F\u00e9lix (1917-2004)&nbsp;&raquo;<\/span><\/a><\/p>\n","protected":false},"author":1,"featured_media":1543,"comment_status":"open","ping_status":"closed","sticky":false,"template":"","format":"standard","meta":{"footnotes":""},"categories":[5],"tags":[28],"_links":{"self":[{"href":"http:\/\/atelierdecreationlibertaire.com\/blogs1\/images-de-libertaires\/wp-json\/wp\/v2\/posts\/1533"}],"collection":[{"href":"http:\/\/atelierdecreationlibertaire.com\/blogs1\/images-de-libertaires\/wp-json\/wp\/v2\/posts"}],"about":[{"href":"http:\/\/atelierdecreationlibertaire.com\/blogs1\/images-de-libertaires\/wp-json\/wp\/v2\/types\/post"}],"author":[{"embeddable":true,"href":"http:\/\/atelierdecreationlibertaire.com\/blogs1\/images-de-libertaires\/wp-json\/wp\/v2\/users\/1"}],"replies":[{"embeddable":true,"href":"http:\/\/atelierdecreationlibertaire.com\/blogs1\/images-de-libertaires\/wp-json\/wp\/v2\/comments?post=1533"}],"version-history":[{"count":5,"href":"http:\/\/atelierdecreationlibertaire.com\/blogs1\/images-de-libertaires\/wp-json\/wp\/v2\/posts\/1533\/revisions"}],"predecessor-version":[{"id":1591,"href":"http:\/\/atelierdecreationlibertaire.com\/blogs1\/images-de-libertaires\/wp-json\/wp\/v2\/posts\/1533\/revisions\/1591"}],"wp:featuredmedia":[{"embeddable":true,"href":"http:\/\/atelierdecreationlibertaire.com\/blogs1\/images-de-libertaires\/wp-json\/wp\/v2\/media\/1543"}],"wp:attachment":[{"href":"http:\/\/atelierdecreationlibertaire.com\/blogs1\/images-de-libertaires\/wp-json\/wp\/v2\/media?parent=1533"}],"wp:term":[{"taxonomy":"category","embeddable":true,"href":"http:\/\/atelierdecreationlibertaire.com\/blogs1\/images-de-libertaires\/wp-json\/wp\/v2\/categories?post=1533"},{"taxonomy":"post_tag","embeddable":true,"href":"http:\/\/atelierdecreationlibertaire.com\/blogs1\/images-de-libertaires\/wp-json\/wp\/v2\/tags?post=1533"}],"curies":[{"name":"wp","href":"https:\/\/api.w.org\/{rel}","templated":true}]}}