{"id":190,"date":"2009-05-07T00:15:20","date_gmt":"2009-05-06T22:15:20","guid":{"rendered":"http:\/\/atelierdecreationlibertaire.com\/blogs\/images-de-libertaires\/?p=190"},"modified":"2009-05-20T19:40:17","modified_gmt":"2009-05-20T17:40:17","slug":"premieres-journees-libertaires-a-lyon-7-et-8-juin-1981","status":"publish","type":"post","link":"http:\/\/atelierdecreationlibertaire.com\/blogs1\/images-de-libertaires\/premieres-journees-libertaires-a-lyon-7-et-8-juin-1981-190\/","title":{"rendered":"Premi\u00e8res journ\u00e9es libertaires \u00e0 Lyon &#8211; 7 et 8 juin 1981"},"content":{"rendered":"<p>Les premi\u00e8res journ\u00e9es libertaires de Lyon, qui ont vu au moins 600 personnes passer pendant ces deux jours (526 entr\u00e9es payantes) ont \u00e9t\u00e9 pr\u00e9c\u00e9d\u00e9es d&rsquo;une forte campagne d&rsquo;affichage. Il faut dire que nous avions \u00e0 notre c\u00f4t\u00e9 le \u00ab Decaux de l&rsquo;anarchisme \u00bb en la personne de Papy. Les gens qui arrivaient place des Terreaux avaient sous leurs yeux cette immense bandeau. Le m\u00eame genre de bandeau avait \u00e9t\u00e9 coll\u00e9 sur le p\u00e9riph\u00e9rique et \u00e0 l&rsquo;entr\u00e9e sud de Fourvi\u00e8re. Et tout Lyon \u00e9tait recouvert d&rsquo;affiches.<\/p>\n<p>D&rsquo;autres journ\u00e9es eurent lieu en 1985, avec encore plus de participants&#8230; mais nous en parlerons plus tard !<\/p>\n\n\t\t\t<div id='190-1' class='gallery gallery-190 gallery-columns-3 gallery-size-thumbnail' itemscope itemtype='http:\/\/schema.org\/ImageGallery'>\n\t\t\t\t<div class='gallery-row gallery-col-3 gallery-clear'>\n\t\t\t\t\t<figure class='gallery-item col-3' itemprop='associatedMedia' itemscope itemtype='http:\/\/schema.org\/ImageObject'>\n\t\t\t\t\t\t<div class='gallery-icon landscape'><a href='http:\/\/atelierdecreationlibertaire.com\/blogs1\/images-de-libertaires\/wp-content\/uploads\/collage-journees-libertaires-juin-1981-1.jpg' itemprop=\"contentURL\" rel=\"lightbox[190]\"><img loading=\"lazy\" decoding=\"async\" width=\"150\" height=\"150\" src=\"http:\/\/atelierdecreationlibertaire.com\/blogs1\/images-de-libertaires\/wp-content\/uploads\/collage-journees-libertaires-juin-1981-1-150x150.jpg\" class=\"attachment-thumbnail size-thumbnail\" alt=\"\" itemprop=\"thumbnail\" sizes=\"100vw\" \/><\/a><\/div>\n\t\t\t\t\t<\/figure>\n\t\t\t\t\t<figure class='gallery-item col-3' itemprop='associatedMedia' itemscope itemtype='http:\/\/schema.org\/ImageObject'>\n\t\t\t\t\t\t<div class='gallery-icon landscape'><a href='http:\/\/atelierdecreationlibertaire.com\/blogs1\/images-de-libertaires\/wp-content\/uploads\/collage-journees-libertaires-juin-1981-2.jpg' itemprop=\"contentURL\" rel=\"lightbox[190]\"><img loading=\"lazy\" decoding=\"async\" width=\"150\" height=\"150\" src=\"http:\/\/atelierdecreationlibertaire.com\/blogs1\/images-de-libertaires\/wp-content\/uploads\/collage-journees-libertaires-juin-1981-2-150x150.jpg\" class=\"attachment-thumbnail size-thumbnail\" alt=\"\" itemprop=\"thumbnail\" sizes=\"100vw\" \/><\/a><\/div>\n\t\t\t\t\t<\/figure>\n\t\t\t\t\t<figure class='gallery-item col-3' itemprop='associatedMedia' itemscope itemtype='http:\/\/schema.org\/ImageObject'>\n\t\t\t\t\t\t<div class='gallery-icon landscape'><a href='http:\/\/atelierdecreationlibertaire.com\/blogs1\/images-de-libertaires\/wp-content\/uploads\/collage-journees-libertaires-juin-1981-3.jpg' itemprop=\"contentURL\" rel=\"lightbox[190]\"><img loading=\"lazy\" decoding=\"async\" width=\"150\" height=\"150\" src=\"http:\/\/atelierdecreationlibertaire.com\/blogs1\/images-de-libertaires\/wp-content\/uploads\/collage-journees-libertaires-juin-1981-3-150x150.jpg\" class=\"attachment-thumbnail size-thumbnail\" alt=\"\" itemprop=\"thumbnail\" sizes=\"100vw\" \/><\/a><\/div>\n\t\t\t\t\t<\/figure>\n\t\t\t\t<\/div>\n\t\t\t<\/div><!-- .gallery -->\n\n<p>(Photos Mimmo Pucciarelli)<\/p>\n<div class=\"tweetthis\" style=\"text-align:left;\"><p> <a target=\"_blank\" rel=\"nofollow\" class=\"tt\" href=\"http:\/\/twitter.com\/home\/?status=Premi%C3%A8res+journ%C3%A9es+libertaires+%C3%A0+Lyon+%E2%80%93+7+et+8+juin+1981+https%3A%2F%2Ftinyurl.com%2Fyohneyms\" title=\"Post to Twitter\"><img decoding=\"async\" class=\"nothumb\" src=\"http:\/\/atelierdecreationlibertaire.com\/blogs1\/images-de-libertaires\/wp-content\/plugins\/tweet-this\/icons\/en\/twitter\/tt-twitter-micro3.png\" alt=\"Post to Twitter\" \/><\/a><\/p><\/div>","protected":false},"excerpt":{"rendered":"<p>Les premi\u00e8res journ\u00e9es libertaires de Lyon, qui ont vu au moins 600 personnes passer pendant ces deux jours (526 entr\u00e9es payantes) ont \u00e9t\u00e9 pr\u00e9c\u00e9d\u00e9es d&rsquo;une forte campagne d&rsquo;affichage. Il faut dire que nous avions \u00e0 notre c\u00f4t\u00e9 le \u00ab Decaux de l&rsquo;anarchisme \u00bb en la personne de Papy. Les gens qui arrivaient place des Terreaux &hellip; <\/p>\n<p class=\"link-more\"><a href=\"http:\/\/atelierdecreationlibertaire.com\/blogs1\/images-de-libertaires\/premieres-journees-libertaires-a-lyon-7-et-8-juin-1981-190\/\" class=\"more-link\">Continuer la lecture<span class=\"screen-reader-text\"> de &laquo;&nbsp;Premi\u00e8res journ\u00e9es libertaires \u00e0 Lyon &#8211; 7 et 8 juin 1981&nbsp;&raquo;<\/span><\/a><\/p>\n","protected":false},"author":1,"featured_media":0,"comment_status":"open","ping_status":"open","sticky":false,"template":"","format":"standard","meta":{"footnotes":""},"categories":[73,55,10],"tags":[27,25],"_links":{"self":[{"href":"http:\/\/atelierdecreationlibertaire.com\/blogs1\/images-de-libertaires\/wp-json\/wp\/v2\/posts\/190"}],"collection":[{"href":"http:\/\/atelierdecreationlibertaire.com\/blogs1\/images-de-libertaires\/wp-json\/wp\/v2\/posts"}],"about":[{"href":"http:\/\/atelierdecreationlibertaire.com\/blogs1\/images-de-libertaires\/wp-json\/wp\/v2\/types\/post"}],"author":[{"embeddable":true,"href":"http:\/\/atelierdecreationlibertaire.com\/blogs1\/images-de-libertaires\/wp-json\/wp\/v2\/users\/1"}],"replies":[{"embeddable":true,"href":"http:\/\/atelierdecreationlibertaire.com\/blogs1\/images-de-libertaires\/wp-json\/wp\/v2\/comments?post=190"}],"version-history":[{"count":9,"href":"http:\/\/atelierdecreationlibertaire.com\/blogs1\/images-de-libertaires\/wp-json\/wp\/v2\/posts\/190\/revisions"}],"predecessor-version":[{"id":195,"href":"http:\/\/atelierdecreationlibertaire.com\/blogs1\/images-de-libertaires\/wp-json\/wp\/v2\/posts\/190\/revisions\/195"}],"wp:attachment":[{"href":"http:\/\/atelierdecreationlibertaire.com\/blogs1\/images-de-libertaires\/wp-json\/wp\/v2\/media?parent=190"}],"wp:term":[{"taxonomy":"category","embeddable":true,"href":"http:\/\/atelierdecreationlibertaire.com\/blogs1\/images-de-libertaires\/wp-json\/wp\/v2\/categories?post=190"},{"taxonomy":"post_tag","embeddable":true,"href":"http:\/\/atelierdecreationlibertaire.com\/blogs1\/images-de-libertaires\/wp-json\/wp\/v2\/tags?post=190"}],"curies":[{"name":"wp","href":"https:\/\/api.w.org\/{rel}","templated":true}]}}