{"id":206,"date":"2009-05-08T00:15:31","date_gmt":"2009-05-07T22:15:31","guid":{"rendered":"http:\/\/atelierdecreationlibertaire.com\/blogs\/images-de-libertaires\/?p=206"},"modified":"2010-08-21T11:56:55","modified_gmt":"2010-08-21T09:56:55","slug":"fontaura","status":"publish","type":"post","link":"http:\/\/atelierdecreationlibertaire.com\/blogs1\/images-de-libertaires\/fontaura-206\/","title":{"rendered":"Fontaura"},"content":{"rendered":"<p>Vicente Galindo, dit <em>Fontaura<\/em>, \u00e9tait un des vieux militants de la CNT que l&rsquo;on voyait r\u00e9guli\u00e8rement dans les d\u00e9bats \u00e0 la Gryffe. Pendant la guerre d&rsquo;Espagne, il avait \u00e9t\u00e9 journaliste. Sa passion de l&rsquo;\u00e9crit se voit au travers de sa biblioth\u00e8que. Mimmo Pucciarelli l&rsquo;avait interview\u00e9, en 1986, pour la revue IRL.<\/p>\n<p><a href=\"http:\/\/atelierdecreationlibertaire.com\/blogs1\/images-de-libertaires\/wp-content\/uploads\/1986-interview-de-fontaura-pour-irl.jpg\" rel=\"lightbox[206]\"><img loading=\"lazy\" decoding=\"async\" class=\"aligncenter size-medium wp-image-207\" src=\"http:\/\/atelierdecreationlibertaire.com\/blogs1\/images-de-libertaires\/wp-content\/uploads\/1986-interview-de-fontaura-pour-irl-300x189.jpg\" alt=\"1986-interview de Fontaura pour IRL\" width=\"300\" height=\"189\" srcset=\"http:\/\/atelierdecreationlibertaire.com\/blogs1\/images-de-libertaires\/wp-content\/uploads\/1986-interview-de-fontaura-pour-irl-300x189.jpg 300w, http:\/\/atelierdecreationlibertaire.com\/blogs1\/images-de-libertaires\/wp-content\/uploads\/1986-interview-de-fontaura-pour-irl.jpg 800w\" sizes=\"(max-width: 300px) 100vw, 300px\" \/><\/a><\/p>\n<p>(Photo Mimmo Pucciarelli)<\/p>\n<div class=\"tweetthis\" style=\"text-align:left;\"><p> <a target=\"_blank\" rel=\"nofollow\" class=\"tt\" href=\"http:\/\/twitter.com\/home\/?status=Fontaura+https%3A%2F%2Ftinyurl.com%2Fyuy5q9n3\" title=\"Post to Twitter\"><img decoding=\"async\" class=\"nothumb\" src=\"http:\/\/atelierdecreationlibertaire.com\/blogs1\/images-de-libertaires\/wp-content\/plugins\/tweet-this\/icons\/en\/twitter\/tt-twitter-micro3.png\" alt=\"Post to Twitter\" \/><\/a><\/p><\/div>","protected":false},"excerpt":{"rendered":"<p>Vicente Galindo, dit Fontaura, \u00e9tait un des vieux militants de la CNT que l&rsquo;on voyait r\u00e9guli\u00e8rement dans les d\u00e9bats \u00e0 la Gryffe. Pendant la guerre d&rsquo;Espagne, il avait \u00e9t\u00e9 journaliste. Sa passion de l&rsquo;\u00e9crit se voit au travers de sa biblioth\u00e8que. Mimmo Pucciarelli l&rsquo;avait interview\u00e9, en 1986, pour la revue IRL. (Photo Mimmo Pucciarelli)<\/p>\n","protected":false},"author":1,"featured_media":0,"comment_status":"open","ping_status":"open","sticky":false,"template":"","format":"standard","meta":{"footnotes":""},"categories":[63,55,5],"tags":[28,6,20],"_links":{"self":[{"href":"http:\/\/atelierdecreationlibertaire.com\/blogs1\/images-de-libertaires\/wp-json\/wp\/v2\/posts\/206"}],"collection":[{"href":"http:\/\/atelierdecreationlibertaire.com\/blogs1\/images-de-libertaires\/wp-json\/wp\/v2\/posts"}],"about":[{"href":"http:\/\/atelierdecreationlibertaire.com\/blogs1\/images-de-libertaires\/wp-json\/wp\/v2\/types\/post"}],"author":[{"embeddable":true,"href":"http:\/\/atelierdecreationlibertaire.com\/blogs1\/images-de-libertaires\/wp-json\/wp\/v2\/users\/1"}],"replies":[{"embeddable":true,"href":"http:\/\/atelierdecreationlibertaire.com\/blogs1\/images-de-libertaires\/wp-json\/wp\/v2\/comments?post=206"}],"version-history":[{"count":7,"href":"http:\/\/atelierdecreationlibertaire.com\/blogs1\/images-de-libertaires\/wp-json\/wp\/v2\/posts\/206\/revisions"}],"predecessor-version":[{"id":209,"href":"http:\/\/atelierdecreationlibertaire.com\/blogs1\/images-de-libertaires\/wp-json\/wp\/v2\/posts\/206\/revisions\/209"}],"wp:attachment":[{"href":"http:\/\/atelierdecreationlibertaire.com\/blogs1\/images-de-libertaires\/wp-json\/wp\/v2\/media?parent=206"}],"wp:term":[{"taxonomy":"category","embeddable":true,"href":"http:\/\/atelierdecreationlibertaire.com\/blogs1\/images-de-libertaires\/wp-json\/wp\/v2\/categories?post=206"},{"taxonomy":"post_tag","embeddable":true,"href":"http:\/\/atelierdecreationlibertaire.com\/blogs1\/images-de-libertaires\/wp-json\/wp\/v2\/tags?post=206"}],"curies":[{"name":"wp","href":"https:\/\/api.w.org\/{rel}","templated":true}]}}