{"id":210,"date":"2009-05-09T00:15:40","date_gmt":"2009-05-08T22:15:40","guid":{"rendered":"http:\/\/atelierdecreationlibertaire.com\/blogs\/images-de-libertaires\/?p=210"},"modified":"2009-06-13T14:22:09","modified_gmt":"2009-06-13T12:22:09","slug":"24-juin-1894-caserio-poignarde-sadi-carnot-rue-de-la-republique","status":"publish","type":"post","link":"http:\/\/atelierdecreationlibertaire.com\/blogs1\/images-de-libertaires\/24-juin-1894-caserio-poignarde-sadi-carnot-rue-de-la-republique-210\/","title":{"rendered":"24 juin 1894 : Caserio poignarde Sadi Carnot, rue de la R\u00e9publique"},"content":{"rendered":"<p>Nous remontons dans le temps pour saluer notre camarade Caserio qui poignarda le pr\u00e9sident Carnot \u00e0 Lyon rue de la R\u00e9publique. <a href=\"http:\/\/rebellyon.info\/article609.html\" target=\"_blank\">Rebellyon <\/a>en a fait un article de sa rubrique \u00ab M\u00e9moire \u00bb. Nous avons retrouv\u00e9, dans un de nos cartons, la photographie de la plaque comm\u00e9morative. Cette photo, de juin 1996, montre un autocollant anarchiste coll\u00e9, on l&rsquo;imagine,\u00a0 en hommage \u00e0 Caserio.<\/p>\n<p><a href=\"http:\/\/atelierdecreationlibertaire.com\/blogs1\/images-de-libertaires\/wp-content\/uploads\/plaque-sadi-carnot-et-caserio-juin-1996.jpg\" rel=\"lightbox[210]\"><img loading=\"lazy\" decoding=\"async\" class=\"aligncenter size-medium wp-image-211\" src=\"http:\/\/atelierdecreationlibertaire.com\/blogs1\/images-de-libertaires\/wp-content\/uploads\/plaque-sadi-carnot-et-caserio-juin-1996-300x198.jpg\" alt=\"plaque-sadi-carnot-et-caserio-juin-1996\" width=\"300\" height=\"198\" srcset=\"http:\/\/atelierdecreationlibertaire.com\/blogs1\/images-de-libertaires\/wp-content\/uploads\/plaque-sadi-carnot-et-caserio-juin-1996-300x198.jpg 300w, http:\/\/atelierdecreationlibertaire.com\/blogs1\/images-de-libertaires\/wp-content\/uploads\/plaque-sadi-carnot-et-caserio-juin-1996.jpg 800w\" sizes=\"(max-width: 300px) 100vw, 300px\" \/><\/a><\/p>\n<div class=\"tweetthis\" style=\"text-align:left;\"><p> <a target=\"_blank\" rel=\"nofollow\" class=\"tt\" href=\"http:\/\/twitter.com\/home\/?status=24+juin+1894+%3A+Caserio+poignarde+Sadi+Carnot%2C+rue+de+la+R%C3%A9publique+https%3A%2F%2Ftinyurl.com%2Fytxngj46\" title=\"Post to Twitter\"><img decoding=\"async\" class=\"nothumb\" src=\"http:\/\/atelierdecreationlibertaire.com\/blogs1\/images-de-libertaires\/wp-content\/plugins\/tweet-this\/icons\/en\/twitter\/tt-twitter-micro3.png\" alt=\"Post to Twitter\" \/><\/a><\/p><\/div>","protected":false},"excerpt":{"rendered":"<p>Nous remontons dans le temps pour saluer notre camarade Caserio qui poignarda le pr\u00e9sident Carnot \u00e0 Lyon rue de la R\u00e9publique. Rebellyon en a fait un article de sa rubrique \u00ab M\u00e9moire \u00bb. Nous avons retrouv\u00e9, dans un de nos cartons, la photographie de la plaque comm\u00e9morative. Cette photo, de juin 1996, montre un autocollant &hellip; <\/p>\n<p class=\"link-more\"><a href=\"http:\/\/atelierdecreationlibertaire.com\/blogs1\/images-de-libertaires\/24-juin-1894-caserio-poignarde-sadi-carnot-rue-de-la-republique-210\/\" class=\"more-link\">Continuer la lecture<span class=\"screen-reader-text\"> de &laquo;&nbsp;24 juin 1894 : Caserio poignarde Sadi Carnot, rue de la R\u00e9publique&nbsp;&raquo;<\/span><\/a><\/p>\n","protected":false},"author":1,"featured_media":0,"comment_status":"open","ping_status":"open","sticky":false,"template":"","format":"standard","meta":{"footnotes":""},"categories":[53],"tags":[20,35],"_links":{"self":[{"href":"http:\/\/atelierdecreationlibertaire.com\/blogs1\/images-de-libertaires\/wp-json\/wp\/v2\/posts\/210"}],"collection":[{"href":"http:\/\/atelierdecreationlibertaire.com\/blogs1\/images-de-libertaires\/wp-json\/wp\/v2\/posts"}],"about":[{"href":"http:\/\/atelierdecreationlibertaire.com\/blogs1\/images-de-libertaires\/wp-json\/wp\/v2\/types\/post"}],"author":[{"embeddable":true,"href":"http:\/\/atelierdecreationlibertaire.com\/blogs1\/images-de-libertaires\/wp-json\/wp\/v2\/users\/1"}],"replies":[{"embeddable":true,"href":"http:\/\/atelierdecreationlibertaire.com\/blogs1\/images-de-libertaires\/wp-json\/wp\/v2\/comments?post=210"}],"version-history":[{"count":6,"href":"http:\/\/atelierdecreationlibertaire.com\/blogs1\/images-de-libertaires\/wp-json\/wp\/v2\/posts\/210\/revisions"}],"predecessor-version":[{"id":213,"href":"http:\/\/atelierdecreationlibertaire.com\/blogs1\/images-de-libertaires\/wp-json\/wp\/v2\/posts\/210\/revisions\/213"}],"wp:attachment":[{"href":"http:\/\/atelierdecreationlibertaire.com\/blogs1\/images-de-libertaires\/wp-json\/wp\/v2\/media?parent=210"}],"wp:term":[{"taxonomy":"category","embeddable":true,"href":"http:\/\/atelierdecreationlibertaire.com\/blogs1\/images-de-libertaires\/wp-json\/wp\/v2\/categories?post=210"},{"taxonomy":"post_tag","embeddable":true,"href":"http:\/\/atelierdecreationlibertaire.com\/blogs1\/images-de-libertaires\/wp-json\/wp\/v2\/tags?post=210"}],"curies":[{"name":"wp","href":"https:\/\/api.w.org\/{rel}","templated":true}]}}