{"id":216,"date":"2009-05-09T00:15:31","date_gmt":"2009-05-08T22:15:31","guid":{"rendered":"http:\/\/atelierdecreationlibertaire.com\/blogs\/images-de-libertaires\/?p=216"},"modified":"2011-06-02T16:45:33","modified_gmt":"2011-06-02T14:45:33","slug":"16-fevrier-1997-incendie-de-la-plume-noire","status":"publish","type":"post","link":"http:\/\/atelierdecreationlibertaire.com\/blogs1\/images-de-libertaires\/16-fevrier-1997-incendie-de-la-plume-noire-216\/","title":{"rendered":"16 f\u00e9vrier 1997 : incendie de la Plume noire"},"content":{"rendered":"<p>La librairie la Plume noire, autre librairie anarchiste de Lyon, a \u00e9t\u00e9 victime d&rsquo;un incendie criminel, le matin du 16 f\u00e9vrier 1997, aux alentours de 4 heures. Le samedi 22 f\u00e9vrier, c&rsquo;est plus de 3 000 personnes qui ont manifest\u00e9 \u00e0 Lyon, dont une bonne moiti\u00e9 de libertaires. En t\u00eate de la manifestation, on pouvait noter la pr\u00e9sence d&rsquo;Andr\u00e9 Gerin, maire communiste de V\u00e9nissieux : il avait l&rsquo;air tout perdu dans ce d\u00e9fil\u00e9 d&rsquo;anarchistes&#8230; mais il \u00e9tait bien un des rares \u00e9lus pr\u00e9sents ce jour. (voir aussi la <a href=\"http:\/\/atelierdecreationlibertaire.com\/blogs1\/images-de-libertaires\/manifestation-de-soutien-a-la-plume-noire-le-22-fevrier-1997-la-video-1406\">vid\u00e9o<\/a> et d&rsquo;<a href=\"http:\/\/atelierdecreationlibertaire.com\/blogs1\/images-de-libertaires\/manifestation-de-soutien-a-la-plume-noire-le-22-fevrier-1997-782\/\">autres photos<\/a>)<\/p>\n<p>(voir <a href=\"http:\/\/rebellyon.info\/article118.html\" target=\"_blank\">Rebellyon<\/a> pour plus de d\u00e9tail)<\/p>\n\n\t\t\t<div id='216-1' class='gallery gallery-216 gallery-columns-3 gallery-size-thumbnail' itemscope itemtype='http:\/\/schema.org\/ImageGallery'>\n\t\t\t\t<div class='gallery-row gallery-col-3 gallery-clear'>\n\t\t\t\t\t<figure class='gallery-item col-3' itemprop='associatedMedia' itemscope itemtype='http:\/\/schema.org\/ImageObject'>\n\t\t\t\t\t\t<div class='gallery-icon landscape'><a href='http:\/\/atelierdecreationlibertaire.com\/blogs1\/images-de-libertaires\/wp-content\/uploads\/16-favrier-97-attentat-contre-la-plume-noire-1.jpg' itemprop=\"contentURL\" rel=\"lightbox[216]\"><img loading=\"lazy\" decoding=\"async\" width=\"150\" height=\"150\" src=\"http:\/\/atelierdecreationlibertaire.com\/blogs1\/images-de-libertaires\/wp-content\/uploads\/16-favrier-97-attentat-contre-la-plume-noire-1-150x150.jpg\" class=\"attachment-thumbnail size-thumbnail\" alt=\"\" itemprop=\"thumbnail\" sizes=\"100vw\" \/><\/a><\/div>\n\t\t\t\t\t<\/figure>\n\t\t\t\t\t<figure class='gallery-item col-3' itemprop='associatedMedia' itemscope itemtype='http:\/\/schema.org\/ImageObject'>\n\t\t\t\t\t\t<div class='gallery-icon landscape'><a href='http:\/\/atelierdecreationlibertaire.com\/blogs1\/images-de-libertaires\/wp-content\/uploads\/16-fevrier-97-attentat-contre-la-plume-noire-2.jpg' itemprop=\"contentURL\" rel=\"lightbox[216]\"><img loading=\"lazy\" decoding=\"async\" width=\"150\" height=\"150\" src=\"http:\/\/atelierdecreationlibertaire.com\/blogs1\/images-de-libertaires\/wp-content\/uploads\/16-fevrier-97-attentat-contre-la-plume-noire-2-150x150.jpg\" class=\"attachment-thumbnail size-thumbnail\" alt=\"\" itemprop=\"thumbnail\" sizes=\"100vw\" \/><\/a><\/div>\n\t\t\t\t\t<\/figure>\n\t\t\t\t\t<figure class='gallery-item col-3' itemprop='associatedMedia' itemscope itemtype='http:\/\/schema.org\/ImageObject'>\n\t\t\t\t\t\t<div class='gallery-icon landscape'><a href='http:\/\/atelierdecreationlibertaire.com\/blogs1\/images-de-libertaires\/wp-content\/uploads\/16-fevrier-97-attentat-contre-la-plume-noire-3.jpg' itemprop=\"contentURL\" rel=\"lightbox[216]\"><img loading=\"lazy\" decoding=\"async\" width=\"150\" height=\"150\" src=\"http:\/\/atelierdecreationlibertaire.com\/blogs1\/images-de-libertaires\/wp-content\/uploads\/16-fevrier-97-attentat-contre-la-plume-noire-3-150x150.jpg\" class=\"attachment-thumbnail size-thumbnail\" alt=\"\" itemprop=\"thumbnail\" sizes=\"100vw\" \/><\/a><\/div>\n\t\t\t\t\t<\/figure>\n\t\t\t\t<\/div>\n\t\t\t\t<div class='gallery-row gallery-col-3 gallery-clear'>\n\t\t\t\t\t<figure class='gallery-item col-3' itemprop='associatedMedia' itemscope itemtype='http:\/\/schema.org\/ImageObject'>\n\t\t\t\t\t\t<div class='gallery-icon landscape'><a href='http:\/\/atelierdecreationlibertaire.com\/blogs1\/images-de-libertaires\/wp-content\/uploads\/22-favrier-1997-la-plume-noire-manif-02.jpg' itemprop=\"contentURL\" rel=\"lightbox[216]\"><img loading=\"lazy\" decoding=\"async\" width=\"150\" height=\"150\" src=\"http:\/\/atelierdecreationlibertaire.com\/blogs1\/images-de-libertaires\/wp-content\/uploads\/22-favrier-1997-la-plume-noire-manif-02-150x150.jpg\" class=\"attachment-thumbnail size-thumbnail\" alt=\"\" itemprop=\"thumbnail\" sizes=\"100vw\" \/><\/a><\/div>\n\t\t\t\t\t<\/figure>\n\t\t\t\t\t<figure class='gallery-item col-3' itemprop='associatedMedia' itemscope itemtype='http:\/\/schema.org\/ImageObject'>\n\t\t\t\t\t\t<div class='gallery-icon landscape'><a href='http:\/\/atelierdecreationlibertaire.com\/blogs1\/images-de-libertaires\/wp-content\/uploads\/22-favrier-1997-la-plume-noire-manif-03.jpg' itemprop=\"contentURL\" rel=\"lightbox[216]\"><img loading=\"lazy\" decoding=\"async\" width=\"150\" height=\"150\" src=\"http:\/\/atelierdecreationlibertaire.com\/blogs1\/images-de-libertaires\/wp-content\/uploads\/22-favrier-1997-la-plume-noire-manif-03-150x150.jpg\" class=\"attachment-thumbnail size-thumbnail\" alt=\"\" itemprop=\"thumbnail\" sizes=\"100vw\" \/><\/a><\/div>\n\t\t\t\t\t<\/figure>\n\t\t\t\t\t<figure class='gallery-item col-3' itemprop='associatedMedia' itemscope itemtype='http:\/\/schema.org\/ImageObject'>\n\t\t\t\t\t\t<div class='gallery-icon landscape'><a href='http:\/\/atelierdecreationlibertaire.com\/blogs1\/images-de-libertaires\/wp-content\/uploads\/22-favrier-1997-la-plume-noire-manif-04.jpg' itemprop=\"contentURL\" rel=\"lightbox[216]\"><img loading=\"lazy\" decoding=\"async\" width=\"150\" height=\"150\" src=\"http:\/\/atelierdecreationlibertaire.com\/blogs1\/images-de-libertaires\/wp-content\/uploads\/22-favrier-1997-la-plume-noire-manif-04-150x150.jpg\" class=\"attachment-thumbnail size-thumbnail\" alt=\"\" itemprop=\"thumbnail\" sizes=\"100vw\" \/><\/a><\/div>\n\t\t\t\t\t<\/figure>\n\t\t\t\t<\/div>\n\t\t\t\t<div class='gallery-row gallery-col-3 gallery-clear'>\n\t\t\t\t\t<figure class='gallery-item col-3' itemprop='associatedMedia' itemscope itemtype='http:\/\/schema.org\/ImageObject'>\n\t\t\t\t\t\t<div class='gallery-icon landscape'><a href='http:\/\/atelierdecreationlibertaire.com\/blogs1\/images-de-libertaires\/wp-content\/uploads\/22-favrier-1997-la-plume-noire-manif-05.jpg' itemprop=\"contentURL\" rel=\"lightbox[216]\"><img loading=\"lazy\" decoding=\"async\" width=\"150\" height=\"150\" src=\"http:\/\/atelierdecreationlibertaire.com\/blogs1\/images-de-libertaires\/wp-content\/uploads\/22-favrier-1997-la-plume-noire-manif-05-150x150.jpg\" class=\"attachment-thumbnail size-thumbnail\" alt=\"\" itemprop=\"thumbnail\" sizes=\"100vw\" \/><\/a><\/div>\n\t\t\t\t\t<\/figure>\n\t\t\t\t\t<figure class='gallery-item col-3' itemprop='associatedMedia' itemscope itemtype='http:\/\/schema.org\/ImageObject'>\n\t\t\t\t\t\t<div class='gallery-icon landscape'><a href='http:\/\/atelierdecreationlibertaire.com\/blogs1\/images-de-libertaires\/wp-content\/uploads\/22-favrier-1997-la-plume-noire-manif-06.jpg' itemprop=\"contentURL\" rel=\"lightbox[216]\"><img loading=\"lazy\" decoding=\"async\" width=\"150\" height=\"150\" src=\"http:\/\/atelierdecreationlibertaire.com\/blogs1\/images-de-libertaires\/wp-content\/uploads\/22-favrier-1997-la-plume-noire-manif-06-150x150.jpg\" class=\"attachment-thumbnail size-thumbnail\" alt=\"\" itemprop=\"thumbnail\" sizes=\"100vw\" \/><\/a><\/div>\n\t\t\t\t\t<\/figure>\n\t\t\t\t\t<figure class='gallery-item col-3' itemprop='associatedMedia' itemscope itemtype='http:\/\/schema.org\/ImageObject'>\n\t\t\t\t\t\t<div class='gallery-icon landscape'><a href='http:\/\/atelierdecreationlibertaire.com\/blogs1\/images-de-libertaires\/wp-content\/uploads\/22-favrier-1997-la-plume-noire-manif-07.jpg' itemprop=\"contentURL\" rel=\"lightbox[216]\"><img loading=\"lazy\" decoding=\"async\" width=\"150\" height=\"150\" src=\"http:\/\/atelierdecreationlibertaire.com\/blogs1\/images-de-libertaires\/wp-content\/uploads\/22-favrier-1997-la-plume-noire-manif-07-150x150.jpg\" class=\"attachment-thumbnail size-thumbnail\" alt=\"\" itemprop=\"thumbnail\" sizes=\"100vw\" \/><\/a><\/div>\n\t\t\t\t\t<\/figure>\n\t\t\t\t<\/div>\n\t\t\t\t<div class='gallery-row gallery-col-3 gallery-clear'>\n\t\t\t\t\t<figure class='gallery-item col-3' itemprop='associatedMedia' itemscope itemtype='http:\/\/schema.org\/ImageObject'>\n\t\t\t\t\t\t<div class='gallery-icon landscape'><a href='http:\/\/atelierdecreationlibertaire.com\/blogs1\/images-de-libertaires\/wp-content\/uploads\/22-favrier-1997-la-plume-noire-manif-08.jpg' itemprop=\"contentURL\" rel=\"lightbox[216]\"><img loading=\"lazy\" decoding=\"async\" width=\"150\" height=\"150\" src=\"http:\/\/atelierdecreationlibertaire.com\/blogs1\/images-de-libertaires\/wp-content\/uploads\/22-favrier-1997-la-plume-noire-manif-08-150x150.jpg\" class=\"attachment-thumbnail size-thumbnail\" alt=\"\" itemprop=\"thumbnail\" sizes=\"100vw\" \/><\/a><\/div>\n\t\t\t\t\t<\/figure>\n\t\t\t\t\t<figure class='gallery-item col-3' itemprop='associatedMedia' itemscope itemtype='http:\/\/schema.org\/ImageObject'>\n\t\t\t\t\t\t<div class='gallery-icon landscape'><a href='http:\/\/atelierdecreationlibertaire.com\/blogs1\/images-de-libertaires\/wp-content\/uploads\/22-favrier-1997-la-plume-noire-manif-09.jpg' itemprop=\"contentURL\" rel=\"lightbox[216]\"><img loading=\"lazy\" decoding=\"async\" width=\"150\" height=\"150\" src=\"http:\/\/atelierdecreationlibertaire.com\/blogs1\/images-de-libertaires\/wp-content\/uploads\/22-favrier-1997-la-plume-noire-manif-09-150x150.jpg\" class=\"attachment-thumbnail size-thumbnail\" alt=\"\" itemprop=\"thumbnail\" sizes=\"100vw\" \/><\/a><\/div>\n\t\t\t\t\t<\/figure>\n\t\t\t\t\t<figure class='gallery-item col-3' itemprop='associatedMedia' itemscope itemtype='http:\/\/schema.org\/ImageObject'>\n\t\t\t\t\t\t<div class='gallery-icon landscape'><a href='http:\/\/atelierdecreationlibertaire.com\/blogs1\/images-de-libertaires\/wp-content\/uploads\/22-favrier-1997-la-plume-noire-manif-10.jpg' itemprop=\"contentURL\" rel=\"lightbox[216]\"><img loading=\"lazy\" decoding=\"async\" width=\"150\" height=\"150\" src=\"http:\/\/atelierdecreationlibertaire.com\/blogs1\/images-de-libertaires\/wp-content\/uploads\/22-favrier-1997-la-plume-noire-manif-10-150x150.jpg\" class=\"attachment-thumbnail size-thumbnail\" alt=\"\" itemprop=\"thumbnail\" sizes=\"100vw\" \/><\/a><\/div>\n\t\t\t\t\t<\/figure>\n\t\t\t\t<\/div>\n\t\t\t\t<div class='gallery-row gallery-col-3 gallery-clear'>\n\t\t\t\t\t<figure class='gallery-item col-3' itemprop='associatedMedia' itemscope itemtype='http:\/\/schema.org\/ImageObject'>\n\t\t\t\t\t\t<div class='gallery-icon landscape'><a href='http:\/\/atelierdecreationlibertaire.com\/blogs1\/images-de-libertaires\/wp-content\/uploads\/22-favrier-1997-la-plume-noire-manif-11.jpg' itemprop=\"contentURL\" rel=\"lightbox[216]\"><img loading=\"lazy\" decoding=\"async\" width=\"150\" height=\"150\" src=\"http:\/\/atelierdecreationlibertaire.com\/blogs1\/images-de-libertaires\/wp-content\/uploads\/22-favrier-1997-la-plume-noire-manif-11-150x150.jpg\" class=\"attachment-thumbnail size-thumbnail\" alt=\"\" itemprop=\"thumbnail\" sizes=\"100vw\" \/><\/a><\/div>\n\t\t\t\t\t<\/figure>\n\t\t\t\t\t<figure class='gallery-item col-3' itemprop='associatedMedia' itemscope itemtype='http:\/\/schema.org\/ImageObject'>\n\t\t\t\t\t\t<div class='gallery-icon landscape'><a href='http:\/\/atelierdecreationlibertaire.com\/blogs1\/images-de-libertaires\/wp-content\/uploads\/22-favrier-1997-la-plume-noire-manif-12.jpg' itemprop=\"contentURL\" rel=\"lightbox[216]\"><img loading=\"lazy\" decoding=\"async\" width=\"150\" height=\"150\" src=\"http:\/\/atelierdecreationlibertaire.com\/blogs1\/images-de-libertaires\/wp-content\/uploads\/22-favrier-1997-la-plume-noire-manif-12-150x150.jpg\" class=\"attachment-thumbnail size-thumbnail\" alt=\"\" itemprop=\"thumbnail\" sizes=\"100vw\" \/><\/a><\/div>\n\t\t\t\t\t<\/figure>\n\t\t\t\t\t<figure class='gallery-item col-3' itemprop='associatedMedia' itemscope itemtype='http:\/\/schema.org\/ImageObject'>\n\t\t\t\t\t\t<div class='gallery-icon landscape'><a href='http:\/\/atelierdecreationlibertaire.com\/blogs1\/images-de-libertaires\/wp-content\/uploads\/22-favrier-1997-la-plume-noire-manif-13.jpg' itemprop=\"contentURL\" rel=\"lightbox[216]\"><img loading=\"lazy\" decoding=\"async\" width=\"150\" height=\"150\" src=\"http:\/\/atelierdecreationlibertaire.com\/blogs1\/images-de-libertaires\/wp-content\/uploads\/22-favrier-1997-la-plume-noire-manif-13-150x150.jpg\" class=\"attachment-thumbnail size-thumbnail\" alt=\"\" itemprop=\"thumbnail\" sizes=\"100vw\" \/><\/a><\/div>\n\t\t\t\t\t<\/figure>\n\t\t\t\t<\/div>\n\t\t\t\t<div class='gallery-row gallery-col-3 gallery-clear'>\n\t\t\t\t\t<figure class='gallery-item col-3' itemprop='associatedMedia' itemscope itemtype='http:\/\/schema.org\/ImageObject'>\n\t\t\t\t\t\t<div class='gallery-icon landscape'><a href='http:\/\/atelierdecreationlibertaire.com\/blogs1\/images-de-libertaires\/wp-content\/uploads\/22-favrier-1997-la-plume-noire-manif-15.jpg' itemprop=\"contentURL\" rel=\"lightbox[216]\"><img loading=\"lazy\" decoding=\"async\" width=\"150\" height=\"150\" src=\"http:\/\/atelierdecreationlibertaire.com\/blogs1\/images-de-libertaires\/wp-content\/uploads\/22-favrier-1997-la-plume-noire-manif-15-150x150.jpg\" class=\"attachment-thumbnail size-thumbnail\" alt=\"\" itemprop=\"thumbnail\" sizes=\"100vw\" \/><\/a><\/div>\n\t\t\t\t\t<\/figure>\n\t\t\t\t\t<figure class='gallery-item col-3' itemprop='associatedMedia' itemscope itemtype='http:\/\/schema.org\/ImageObject'>\n\t\t\t\t\t\t<div class='gallery-icon landscape'><a href='http:\/\/atelierdecreationlibertaire.com\/blogs1\/images-de-libertaires\/wp-content\/uploads\/22-favrier-1997-la-plume-noire-manif-16.jpg' itemprop=\"contentURL\" rel=\"lightbox[216]\"><img loading=\"lazy\" decoding=\"async\" width=\"150\" height=\"150\" src=\"http:\/\/atelierdecreationlibertaire.com\/blogs1\/images-de-libertaires\/wp-content\/uploads\/22-favrier-1997-la-plume-noire-manif-16-150x150.jpg\" class=\"attachment-thumbnail size-thumbnail\" alt=\"\" itemprop=\"thumbnail\" sizes=\"100vw\" \/><\/a><\/div>\n\t\t\t\t\t<\/figure>\n\t\t\t\t\t<figure class='gallery-item col-3' itemprop='associatedMedia' itemscope itemtype='http:\/\/schema.org\/ImageObject'>\n\t\t\t\t\t\t<div class='gallery-icon landscape'><a href='http:\/\/atelierdecreationlibertaire.com\/blogs1\/images-de-libertaires\/wp-content\/uploads\/22-favrier-1997-la-plume-noire-manif-18.jpg' itemprop=\"contentURL\" rel=\"lightbox[216]\"><img loading=\"lazy\" decoding=\"async\" width=\"150\" height=\"150\" src=\"http:\/\/atelierdecreationlibertaire.com\/blogs1\/images-de-libertaires\/wp-content\/uploads\/22-favrier-1997-la-plume-noire-manif-18-150x150.jpg\" class=\"attachment-thumbnail size-thumbnail\" alt=\"\" itemprop=\"thumbnail\" sizes=\"100vw\" \/><\/a><\/div>\n\t\t\t\t\t<\/figure>\n\t\t\t\t<\/div>\n\t\t\t\t<div class='gallery-row gallery-col-3 gallery-clear'>\n\t\t\t\t\t<figure class='gallery-item col-3' itemprop='associatedMedia' itemscope itemtype='http:\/\/schema.org\/ImageObject'>\n\t\t\t\t\t\t<div class='gallery-icon landscape'><a href='http:\/\/atelierdecreationlibertaire.com\/blogs1\/images-de-libertaires\/wp-content\/uploads\/22-favrier-1997-la-plume-noire-manif-19.jpg' itemprop=\"contentURL\" rel=\"lightbox[216]\"><img loading=\"lazy\" decoding=\"async\" width=\"150\" height=\"150\" src=\"http:\/\/atelierdecreationlibertaire.com\/blogs1\/images-de-libertaires\/wp-content\/uploads\/22-favrier-1997-la-plume-noire-manif-19-150x150.jpg\" class=\"attachment-thumbnail size-thumbnail\" alt=\"\" itemprop=\"thumbnail\" sizes=\"100vw\" \/><\/a><\/div>\n\t\t\t\t\t<\/figure>\n\t\t\t\t\t<figure class='gallery-item col-3' itemprop='associatedMedia' itemscope itemtype='http:\/\/schema.org\/ImageObject'>\n\t\t\t\t\t\t<div class='gallery-icon landscape'><a href='http:\/\/atelierdecreationlibertaire.com\/blogs1\/images-de-libertaires\/wp-content\/uploads\/22-favrier-1997-la-plume-noire-manif-20.jpg' itemprop=\"contentURL\" rel=\"lightbox[216]\"><img loading=\"lazy\" decoding=\"async\" width=\"150\" height=\"150\" src=\"http:\/\/atelierdecreationlibertaire.com\/blogs1\/images-de-libertaires\/wp-content\/uploads\/22-favrier-1997-la-plume-noire-manif-20-150x150.jpg\" class=\"attachment-thumbnail size-thumbnail\" alt=\"\" itemprop=\"thumbnail\" sizes=\"100vw\" \/><\/a><\/div>\n\t\t\t\t\t<\/figure>\n\t\t\t\t\t<figure class='gallery-item col-3' itemprop='associatedMedia' itemscope itemtype='http:\/\/schema.org\/ImageObject'>\n\t\t\t\t\t\t<div class='gallery-icon landscape'><a href='http:\/\/atelierdecreationlibertaire.com\/blogs1\/images-de-libertaires\/wp-content\/uploads\/22-favrier-1997-la-plume-noire-manif-21.jpg' itemprop=\"contentURL\" rel=\"lightbox[216]\"><img loading=\"lazy\" decoding=\"async\" width=\"150\" height=\"150\" src=\"http:\/\/atelierdecreationlibertaire.com\/blogs1\/images-de-libertaires\/wp-content\/uploads\/22-favrier-1997-la-plume-noire-manif-21-150x150.jpg\" class=\"attachment-thumbnail size-thumbnail\" alt=\"\" itemprop=\"thumbnail\" sizes=\"100vw\" \/><\/a><\/div>\n\t\t\t\t\t<\/figure>\n\t\t\t\t<\/div>\n\t\t\t\t<div class='gallery-row gallery-col-3 gallery-clear'>\n\t\t\t\t\t<figure class='gallery-item col-3' itemprop='associatedMedia' itemscope itemtype='http:\/\/schema.org\/ImageObject'>\n\t\t\t\t\t\t<div class='gallery-icon landscape'><a href='http:\/\/atelierdecreationlibertaire.com\/blogs1\/images-de-libertaires\/wp-content\/uploads\/22-favrier-1997-la-plume-noire-manif-25.jpg' itemprop=\"contentURL\" rel=\"lightbox[216]\"><img loading=\"lazy\" decoding=\"async\" width=\"150\" height=\"150\" src=\"http:\/\/atelierdecreationlibertaire.com\/blogs1\/images-de-libertaires\/wp-content\/uploads\/22-favrier-1997-la-plume-noire-manif-25-150x150.jpg\" class=\"attachment-thumbnail size-thumbnail\" alt=\"\" itemprop=\"thumbnail\" sizes=\"100vw\" \/><\/a><\/div>\n\t\t\t\t\t<\/figure>\n\t\t\t<\/div>\n\t\t\t<\/div><!-- .gallery -->\n\n<p>(Photos Mimmo Pucciarelli)<\/p>\n<div class=\"tweetthis\" style=\"text-align:left;\"><p> <a target=\"_blank\" rel=\"nofollow\" class=\"tt\" href=\"http:\/\/twitter.com\/home\/?status=16+f%C3%A9vrier+1997+%3A+incendie+de+la+Plume+noire+https%3A%2F%2Ftinyurl.com%2Fyt8x5ofg\" title=\"Post to Twitter\"><img decoding=\"async\" class=\"nothumb\" src=\"http:\/\/atelierdecreationlibertaire.com\/blogs1\/images-de-libertaires\/wp-content\/plugins\/tweet-this\/icons\/en\/twitter\/tt-twitter-micro3.png\" alt=\"Post to Twitter\" \/><\/a><\/p><\/div>","protected":false},"excerpt":{"rendered":"<p>La librairie la Plume noire, autre librairie anarchiste de Lyon, a \u00e9t\u00e9 victime d&rsquo;un incendie criminel, le matin du 16 f\u00e9vrier 1997, aux alentours de 4 heures. Le samedi 22 f\u00e9vrier, c&rsquo;est plus de 3 000 personnes qui ont manifest\u00e9 \u00e0 Lyon, dont une bonne moiti\u00e9 de libertaires. En t\u00eate de la manifestation, on pouvait &hellip; <\/p>\n<p class=\"link-more\"><a href=\"http:\/\/atelierdecreationlibertaire.com\/blogs1\/images-de-libertaires\/16-fevrier-1997-incendie-de-la-plume-noire-216\/\" class=\"more-link\">Continuer la lecture<span class=\"screen-reader-text\"> de &laquo;&nbsp;16 f\u00e9vrier 1997 : incendie de la Plume noire&nbsp;&raquo;<\/span><\/a><\/p>\n","protected":false},"author":1,"featured_media":0,"comment_status":"open","ping_status":"open","sticky":false,"template":"","format":"standard","meta":{"footnotes":""},"categories":[69,56,10,4],"tags":[70,30,323],"_links":{"self":[{"href":"http:\/\/atelierdecreationlibertaire.com\/blogs1\/images-de-libertaires\/wp-json\/wp\/v2\/posts\/216"}],"collection":[{"href":"http:\/\/atelierdecreationlibertaire.com\/blogs1\/images-de-libertaires\/wp-json\/wp\/v2\/posts"}],"about":[{"href":"http:\/\/atelierdecreationlibertaire.com\/blogs1\/images-de-libertaires\/wp-json\/wp\/v2\/types\/post"}],"author":[{"embeddable":true,"href":"http:\/\/atelierdecreationlibertaire.com\/blogs1\/images-de-libertaires\/wp-json\/wp\/v2\/users\/1"}],"replies":[{"embeddable":true,"href":"http:\/\/atelierdecreationlibertaire.com\/blogs1\/images-de-libertaires\/wp-json\/wp\/v2\/comments?post=216"}],"version-history":[{"count":15,"href":"http:\/\/atelierdecreationlibertaire.com\/blogs1\/images-de-libertaires\/wp-json\/wp\/v2\/posts\/216\/revisions"}],"predecessor-version":[{"id":238,"href":"http:\/\/atelierdecreationlibertaire.com\/blogs1\/images-de-libertaires\/wp-json\/wp\/v2\/posts\/216\/revisions\/238"}],"wp:attachment":[{"href":"http:\/\/atelierdecreationlibertaire.com\/blogs1\/images-de-libertaires\/wp-json\/wp\/v2\/media?parent=216"}],"wp:term":[{"taxonomy":"category","embeddable":true,"href":"http:\/\/atelierdecreationlibertaire.com\/blogs1\/images-de-libertaires\/wp-json\/wp\/v2\/categories?post=216"},{"taxonomy":"post_tag","embeddable":true,"href":"http:\/\/atelierdecreationlibertaire.com\/blogs1\/images-de-libertaires\/wp-json\/wp\/v2\/tags?post=216"}],"curies":[{"name":"wp","href":"https:\/\/api.w.org\/{rel}","templated":true}]}}