{"id":330,"date":"2009-05-14T00:13:32","date_gmt":"2009-05-13T22:13:32","guid":{"rendered":"http:\/\/atelierdecreationlibertaire.com\/blogs\/images-de-libertaires\/?p=330"},"modified":"2009-05-20T18:55:34","modified_gmt":"2009-05-20T16:55:34","slug":"manifestation-contre-la-venue-du-pape-jean-paul-ii-a-lyon-en-1986","status":"publish","type":"post","link":"http:\/\/atelierdecreationlibertaire.com\/blogs1\/images-de-libertaires\/manifestation-contre-la-venue-du-pape-jean-paul-ii-a-lyon-en-1986-330\/","title":{"rendered":"Manifestation contre la venue du pape Jean-Paul II \u00e0 Lyon en 1986"},"content":{"rendered":"<p>Durant l&rsquo;automne 1989, le pape Jean-Paul II \u00e9tait pass\u00e9 \u00e0 Lyon. Contre le consensus qui existait \u00e0 l&rsquo;\u00e9poque et malgr\u00e9 l&rsquo;interdiction de manifester, les anarchistes lyonnais et leurs amis ont manifest\u00e9 dans le centre de Lyon derri\u00e8re la banderole \u00ab Non \u00e0 l&rsquo;\u00e9tat de Saint-Si\u00e8ge \u00bb.<\/p>\n\n\t\t\t<div id='330-1' class='gallery gallery-330 gallery-columns-3 gallery-size-thumbnail' itemscope itemtype='http:\/\/schema.org\/ImageGallery'>\n\t\t\t\t<div class='gallery-row gallery-col-3 gallery-clear'>\n\t\t\t\t\t<figure class='gallery-item col-3' itemprop='associatedMedia' itemscope itemtype='http:\/\/schema.org\/ImageObject'>\n\t\t\t\t\t\t<div class='gallery-icon landscape'><a href='http:\/\/atelierdecreationlibertaire.com\/blogs1\/images-de-libertaires\/wp-content\/uploads\/1986-manifestation-contre-la-venue-de-jean-paul-ii-a-lyon-1.jpg' itemprop=\"contentURL\" rel=\"lightbox[330]\"><img loading=\"lazy\" decoding=\"async\" width=\"150\" height=\"150\" src=\"http:\/\/atelierdecreationlibertaire.com\/blogs1\/images-de-libertaires\/wp-content\/uploads\/1986-manifestation-contre-la-venue-de-jean-paul-ii-a-lyon-1-150x150.jpg\" class=\"attachment-thumbnail size-thumbnail\" alt=\"\" itemprop=\"thumbnail\" sizes=\"100vw\" \/><\/a><\/div>\n\t\t\t\t\t<\/figure>\n\t\t\t\t\t<figure class='gallery-item col-3' itemprop='associatedMedia' itemscope itemtype='http:\/\/schema.org\/ImageObject'>\n\t\t\t\t\t\t<div class='gallery-icon landscape'><a href='http:\/\/atelierdecreationlibertaire.com\/blogs1\/images-de-libertaires\/wp-content\/uploads\/1986-manifestation-contre-la-venue-de-jean-paul-ii-a-lyon-2.jpg' itemprop=\"contentURL\" rel=\"lightbox[330]\"><img loading=\"lazy\" decoding=\"async\" width=\"150\" height=\"150\" src=\"http:\/\/atelierdecreationlibertaire.com\/blogs1\/images-de-libertaires\/wp-content\/uploads\/1986-manifestation-contre-la-venue-de-jean-paul-ii-a-lyon-2-150x150.jpg\" class=\"attachment-thumbnail size-thumbnail\" alt=\"\" itemprop=\"thumbnail\" sizes=\"100vw\" \/><\/a><\/div>\n\t\t\t\t\t<\/figure>\n\t\t\t\t\t<figure class='gallery-item col-3' itemprop='associatedMedia' itemscope itemtype='http:\/\/schema.org\/ImageObject'>\n\t\t\t\t\t\t<div class='gallery-icon landscape'><a href='http:\/\/atelierdecreationlibertaire.com\/blogs1\/images-de-libertaires\/wp-content\/uploads\/1986-manifestation-contre-la-venue-de-jean-paul-ii-a-lyon-3.jpg' itemprop=\"contentURL\" rel=\"lightbox[330]\"><img loading=\"lazy\" decoding=\"async\" width=\"150\" height=\"150\" src=\"http:\/\/atelierdecreationlibertaire.com\/blogs1\/images-de-libertaires\/wp-content\/uploads\/1986-manifestation-contre-la-venue-de-jean-paul-ii-a-lyon-3-150x150.jpg\" class=\"attachment-thumbnail size-thumbnail\" alt=\"\" itemprop=\"thumbnail\" sizes=\"100vw\" \/><\/a><\/div>\n\t\t\t\t\t<\/figure>\n\t\t\t\t<\/div>\n\t\t\t\t<div class='gallery-row gallery-col-3 gallery-clear'>\n\t\t\t\t\t<figure class='gallery-item col-3' itemprop='associatedMedia' itemscope itemtype='http:\/\/schema.org\/ImageObject'>\n\t\t\t\t\t\t<div class='gallery-icon landscape'><a href='http:\/\/atelierdecreationlibertaire.com\/blogs1\/images-de-libertaires\/wp-content\/uploads\/1986-manifestation-contre-la-venue-de-jean-paul-ii-a-lyon-4.jpg' itemprop=\"contentURL\" rel=\"lightbox[330]\"><img loading=\"lazy\" decoding=\"async\" width=\"150\" height=\"150\" src=\"http:\/\/atelierdecreationlibertaire.com\/blogs1\/images-de-libertaires\/wp-content\/uploads\/1986-manifestation-contre-la-venue-de-jean-paul-ii-a-lyon-4-150x150.jpg\" class=\"attachment-thumbnail size-thumbnail\" alt=\"\" itemprop=\"thumbnail\" sizes=\"100vw\" \/><\/a><\/div>\n\t\t\t\t\t<\/figure>\n\t\t\t\t\t<figure class='gallery-item col-3' itemprop='associatedMedia' itemscope itemtype='http:\/\/schema.org\/ImageObject'>\n\t\t\t\t\t\t<div class='gallery-icon landscape'><a href='http:\/\/atelierdecreationlibertaire.com\/blogs1\/images-de-libertaires\/wp-content\/uploads\/1986-manifestation-contre-la-venue-de-jean-paul-ii-a-lyon-5.jpg' itemprop=\"contentURL\" rel=\"lightbox[330]\"><img loading=\"lazy\" decoding=\"async\" width=\"150\" height=\"150\" src=\"http:\/\/atelierdecreationlibertaire.com\/blogs1\/images-de-libertaires\/wp-content\/uploads\/1986-manifestation-contre-la-venue-de-jean-paul-ii-a-lyon-5-150x150.jpg\" class=\"attachment-thumbnail size-thumbnail\" alt=\"\" itemprop=\"thumbnail\" sizes=\"100vw\" \/><\/a><\/div>\n\t\t\t\t\t<\/figure>\n\t\t\t<\/div>\n\t\t\t<\/div><!-- .gallery -->\n\n<p>(Photos Mimmo Pucciarelli)<\/p>\n<div class=\"tweetthis\" style=\"text-align:left;\"><p> <a target=\"_blank\" rel=\"nofollow\" class=\"tt\" href=\"http:\/\/twitter.com\/home\/?status=Manifestation+contre+la+venue+du+pape+Jean-Paul+II+%C3%A0+Lyon+en+1986+https%3A%2F%2Ftinyurl.com%2Fyqy4h8gp\" title=\"Post to Twitter\"><img decoding=\"async\" class=\"nothumb\" src=\"http:\/\/atelierdecreationlibertaire.com\/blogs1\/images-de-libertaires\/wp-content\/plugins\/tweet-this\/icons\/en\/twitter\/tt-twitter-micro3.png\" alt=\"Post to Twitter\" \/><\/a><\/p><\/div>","protected":false},"excerpt":{"rendered":"<p>Durant l&rsquo;automne 1989, le pape Jean-Paul II \u00e9tait pass\u00e9 \u00e0 Lyon. Contre le consensus qui existait \u00e0 l&rsquo;\u00e9poque et malgr\u00e9 l&rsquo;interdiction de manifester, les anarchistes lyonnais et leurs amis ont manifest\u00e9 dans le centre de Lyon derri\u00e8re la banderole \u00ab Non \u00e0 l&rsquo;\u00e9tat de Saint-Si\u00e8ge \u00bb. (Photos Mimmo Pucciarelli)<\/p>\n","protected":false},"author":1,"featured_media":0,"comment_status":"open","ping_status":"open","sticky":false,"template":"","format":"standard","meta":{"footnotes":""},"categories":[63,55,4],"tags":[47,323],"_links":{"self":[{"href":"http:\/\/atelierdecreationlibertaire.com\/blogs1\/images-de-libertaires\/wp-json\/wp\/v2\/posts\/330"}],"collection":[{"href":"http:\/\/atelierdecreationlibertaire.com\/blogs1\/images-de-libertaires\/wp-json\/wp\/v2\/posts"}],"about":[{"href":"http:\/\/atelierdecreationlibertaire.com\/blogs1\/images-de-libertaires\/wp-json\/wp\/v2\/types\/post"}],"author":[{"embeddable":true,"href":"http:\/\/atelierdecreationlibertaire.com\/blogs1\/images-de-libertaires\/wp-json\/wp\/v2\/users\/1"}],"replies":[{"embeddable":true,"href":"http:\/\/atelierdecreationlibertaire.com\/blogs1\/images-de-libertaires\/wp-json\/wp\/v2\/comments?post=330"}],"version-history":[{"count":3,"href":"http:\/\/atelierdecreationlibertaire.com\/blogs1\/images-de-libertaires\/wp-json\/wp\/v2\/posts\/330\/revisions"}],"predecessor-version":[{"id":337,"href":"http:\/\/atelierdecreationlibertaire.com\/blogs1\/images-de-libertaires\/wp-json\/wp\/v2\/posts\/330\/revisions\/337"}],"wp:attachment":[{"href":"http:\/\/atelierdecreationlibertaire.com\/blogs1\/images-de-libertaires\/wp-json\/wp\/v2\/media?parent=330"}],"wp:term":[{"taxonomy":"category","embeddable":true,"href":"http:\/\/atelierdecreationlibertaire.com\/blogs1\/images-de-libertaires\/wp-json\/wp\/v2\/categories?post=330"},{"taxonomy":"post_tag","embeddable":true,"href":"http:\/\/atelierdecreationlibertaire.com\/blogs1\/images-de-libertaires\/wp-json\/wp\/v2\/tags?post=330"}],"curies":[{"name":"wp","href":"https:\/\/api.w.org\/{rel}","templated":true}]}}