{"id":419,"date":"2009-05-22T13:41:02","date_gmt":"2009-05-22T11:41:02","guid":{"rendered":"http:\/\/atelierdecreationlibertaire.com\/blogs\/images-de-libertaires\/?p=419"},"modified":"2009-06-20T17:56:02","modified_gmt":"2009-06-20T15:56:02","slug":"hasta-siempre-mi-hermano-jose-germinal-sanchez-baza-andalousie-1936-lyon-2000","status":"publish","type":"post","link":"http:\/\/atelierdecreationlibertaire.com\/blogs1\/images-de-libertaires\/hasta-siempre-mi-hermano-jose-germinal-sanchez-baza-andalousie-1936-lyon-2000-419\/","title":{"rendered":"Hasta siempre mi hermano ! Jos\u00e9 Germinal Sanchez (Baza, Andalousie 1936 &#8211; Lyon 2000)"},"content":{"rendered":"<p>Germinal Sanchez nous a quitt\u00e9, en juillet 2000, vaincu par un         cancer. Fils de la r\u00e9volution espagnole, comme il aimait le dire, Germinal \u00e9tait n\u00e9 en         1936. Il a suivi son p\u00e8re en adh\u00e9rant \u00e0 la CNT et il \u00e9tait un des animateurs de la CNT         espagnole, \u00e0 Lyon. Il a accompagn\u00e9 le mouvement libertaire lyonnais pendant tout ce         temps et a fait le lien avec les \u00ab vieux \u00bb de la CNT espagnole.Germinal n&rsquo;\u00e9tait         pas un th\u00e9oricien, non, simplement un militant qui avait la CNT dans ces tripes. Germinal         nous manquera. <em>Hasta siempre mi hermano<\/em> !<\/p>\n<p><a href=\"http:\/\/atelierdecreationlibertaire.com\/blogs1\/images-de-libertaires\/wp-content\/uploads\/1997-03-germinal-et-suzanna.jpg\" rel=\"lightbox[419]\"><img loading=\"lazy\" decoding=\"async\" class=\"aligncenter size-medium wp-image-427\" src=\"http:\/\/atelierdecreationlibertaire.com\/blogs1\/images-de-libertaires\/wp-content\/uploads\/1997-03-germinal-et-suzanna-210x300.jpg\" alt=\"1997-03-Germinal-et-Suzanna\" width=\"210\" height=\"300\" srcset=\"http:\/\/atelierdecreationlibertaire.com\/blogs1\/images-de-libertaires\/wp-content\/uploads\/1997-03-germinal-et-suzanna-210x300.jpg 210w, http:\/\/atelierdecreationlibertaire.com\/blogs1\/images-de-libertaires\/wp-content\/uploads\/1997-03-germinal-et-suzanna.jpg 336w\" sizes=\"(max-width: 210px) 100vw, 210px\" \/><\/a><\/p>\n<p><!--more--><\/p>\n<blockquote><p>J&rsquo;ai connu Germinal quelques semaines apr\u00e8s mon arriv\u00e9e en France, c&rsquo;est-\u00e0-dire fin 1975.<\/p>\n<p>J&rsquo;avais alors 21 ans. J&rsquo;avais lu d\u00e9j\u00e0 une quantit\u00e9 d&rsquo;articles et quelques livres sur l&rsquo;histoire de la \u00a0\u00bb\u00a0r\u00e9volution espagnole de 1936-1939\u00a0\u00a0\u00bb mais n&rsquo;avais jamais encore eu la possibilit\u00e9          de rencontrer quelques-uns des acteurs de cet \u00e9v\u00e9nement embl\u00e9matique pour          l&rsquo;histoire de l&rsquo;anarchisme. Lors de mon arriv\u00e9e en France, les c\u00e9n\u00e9tistes          lyonnais \u00e9taient encore assez actifs, et la mort de Franco survenu \u00e0 la          fin de cette ann\u00e9e-l\u00e0, allait leur donner un nouveau souffle et \u00e9norm\u00e9ment          d&rsquo;espoirs quant \u00e0 l&rsquo;avenir de l&rsquo;Espagne et de l&rsquo;anarchisme dans ce pays.<\/p>\n<p>Ce fut avec un grand enthousiasme que          je me rendis d\u00e8s que possible \u00e0 une des r\u00e9unions qui tenaient les militants          de la CNT espagnole dans une salle du Palais de travail \u00e0 Villeurbanne.          C&rsquo;est l\u00e0, que parmi les autres compagnons (il n&rsquo;y avait pas de femmes)          je rencontrais Germinal pour la premi\u00e8re fois. Il \u00e9tait le plus jeune          de ces anarquistas ib\u00e9ricos dont certains avaient particip\u00e9 \u00e0 <em>la r\u00e9volution<\/em>.          Les approcher ce fut extraordinaire pour le jeune anarchiste que j&rsquo;\u00e9tais          puisque je pouvais finalement m&rsquo;adresser \u00e0 des personnes ayant particip\u00e9          \u00e0 une histoire que je consid\u00e9rais (alors) comme \u00e9tant le chemin \u00e0 suivre\u2026<\/p>\n<p>Germinal \u00e9tait n\u00e9 le 2 juillet 1936 \u00e0          Baza en Andalousie, d&rsquo;une famille paysanne tr\u00e8s pauvre. Son p\u00e8re devenu          ma\u00e7on \u00e9tait l&rsquo;a\u00een\u00e9 de dix-huit enfants&#8230; celui-ci commence \u00e0 fr\u00e9quenter          les jeunesses libertaires tr\u00e8s t\u00f4t, et devient un activiste. Il passe          d\u00e9j\u00e0 quelque temps en prison en 1933 suite \u00e0 une dure gr\u00e8ve paysanne.          Il joue ensuite un r\u00f4le important dans son village les premiers jours          apr\u00e8s le 19 juillet 1939. Puis, il s&rsquo;enr\u00f4la dans l&rsquo;arm\u00e9e r\u00e9publicaine          et sa rend au front ou un \u00e9clat de grenade le blesse gravement. Suite          \u00e0 cette blessure reste hospitalis\u00e9 un an et une cicatrice profonde reste          \u00e0 jamais grav\u00e9e sur son front.<\/p>\n<p>\u00c1 la fin de la guerre civile, il tente          de quitter l&rsquo;Espagne mais il est arr\u00eat\u00e9 et condamn\u00e9 \u00e0 deux fois la peine          de mort, commu\u00e9 finalement \u00e0 dix-huit ans. Il appelle Germinal son troisi\u00e8me          enfant, mais sur le registre de naissance il est marqu\u00e9 Jos\u00e9 sur une t\u00e2che          couvrant le nome Germinal\u2026 L&rsquo;histoire de Germinal est celle d&rsquo;un          de ces fils de <em>militants d\u00e9vou\u00e9 corps et \u00e2me \u00e0 la r\u00e9volution r\u00e9demptrice.<\/em> Avec l&rsquo;instauration de la dictature militaire et l&rsquo;arrestation de son          p\u00e8re sa famille va vivre dans le d\u00e9nouement. Il ne fr\u00e9quente pas d&rsquo;\u00e9coles,          et tout petit se rend avec se fr\u00e8res et s\u0153urs \u00e0 la gare de Madrid          o\u00f9 la famille s&rsquo;est transf\u00e9r\u00e9e pour \u00eatre plus pr\u00e8s de la prison o\u00f9 est          incarc\u00e9r\u00e9 leur p\u00e8re, pour ramasser les restes de fruits abandonn\u00e9s. \u00c1          dix ans il commence \u00e0 travailler dans un salon de coiffure en faisant          des petits boulots et rapporte \u00e0 sa m\u00e8re les quelques centimes re\u00e7us en          \u00e9change. Vers ses douze ans il est enfin embauch\u00e9 chez un poissonnier          o\u00f9 il apprend ce m\u00e9tier.<\/p>\n<p>Lorsque son p\u00e8re sort de prison se rend          au Maroc o\u00f9 la famille va le suivre. C&rsquo;est ici que Germinal en 1956 va          conna\u00eetre pour la premi\u00e8re foi l&rsquo;existence de la CNT espagnole et que          son p\u00e8re est anarchiste. Jusqu&rsquo;\u00e0 ce moment-l\u00e0 il savait seulement que          son p\u00e8re avait \u00e9t\u00e9 en prison \u00e0 cause de la \u00a0\u00bb\u00a0guerre civile\u00a0\u00ab\u00a0.          C&rsquo;est un des militants de la CNT-E, un certain Salsedo qui signait Quisquiglia          des papiers dans le journal <em>CNT<\/em>, qui lui apprend \u00e0 lire et \u00e9crire.          C&rsquo;est donc depuis l&rsquo;\u00e2ge de vingt ans que Germinal suit les activit\u00e9s de          celle qui devient sa \u00a0\u00bb\u00a0famille\u00a0\u00ab\u00a0: la CNT. Salsedo          lui apprend en m\u00eame temps le travail d&rsquo;horloger. Il se marie au Maroc          en 1959, puis se rend chez des parents de sa femme en Alg\u00e9rie, de 1960          jusqu&rsquo;\u00e0 la lib\u00e9ration de ce pays. Ici ne rencontre pas d&rsquo;autres anarchistes.          Mais lorsque de nouvelles circonstances l&rsquo;obligent de partir, il choisit          de venir en France. Il se rend tout d&rsquo;abord dans la \u00a0\u00bb\u00a0seule          maison que j&rsquo;avais en France, m&rsquo;a-t-il dit un jour, c&rsquo;est-\u00e0-dire au 4,          rue de Belfort \u00e0 Toulouse. Le si\u00e8ge de la CNT et le lieu d&rsquo;o\u00f9 arrivaient          nos journaux\u00a0\u00ab\u00a0. Ensuite il arrive \u00e0 Villeurbanne. C&rsquo;est l&rsquo;ann\u00e9e          1962. Depuis, il travaille d&rsquo;abord trois ans dans deux usines diff\u00e9rentes,          ensuite vingt-deux ans , jusqu&rsquo;\u00e0 sa pr\u00e9retraite dans une troisi\u00e8me.<\/p>\n<p>P\u00e8re de quatre enfants, il divorce au          milieu des ann\u00e9es 80 et en 1986 se marie avec sa nouvelle compagne, Susanna          d&rsquo;origine \u00e9quatorienne.<\/p>\n<p>Lorsque je lui ai rendu visite une dizaine          de jours avant son d\u00e9c\u00e8s, \u00e0 peine il m&rsquo;a vu, il a lev\u00e9 le poing et s&rsquo;est          \u00e9cri\u00e9: \u00a0\u00bb\u00a0hasta la muerte!\u00a0\u00ab\u00a0. En arborant un sourire          qui se voulait naturel je lui ai r\u00e9pondu \u00a0\u00bb\u00a0hasta siempre!\u00a0\u00ab\u00a0.          Lucide il savait qu&rsquo;un cancer l&rsquo;avait mordu jusqu&rsquo;\u00e0 l&rsquo;os et que seulement          un \u00a0\u00bb\u00a0miracle\u00a0\u00a0\u00bb pouvait lui permettre de continuer          \u00e0 r\u00eaver de faire une r\u00e9volution. Plus exactement la \u00a0\u00bb\u00a0r\u00e9volution\u00a0\u00a0\u00bb          anarchiste qu&rsquo;il esp\u00e9rait voir \u00e9clore un jour.<\/p>\n<p>Il avait v\u00e9cu 1936 dans les bras de sa          m\u00e8re et en 1968 \u00e9tait un peu hors course puisqu&rsquo;il vivait pratiquement          dans l&rsquo;\u00eelot c\u00e9n\u00e9tiste des \u00a0\u00bb\u00a0vieux compagnons espagnols\u00a0\u00ab\u00a0.          C&rsquo;est, cette m\u00eame ann\u00e9e-l\u00e0, qu&rsquo;il d\u00e9couvre les drapeaux noirs de \u00a0\u00bb\u00a0l&rsquo;anarchie          fran\u00e7aise\u00a0\u00ab\u00a0, et d&rsquo;autres jeunes militants anarchistes, fils          d&rsquo;espagnols comme lui avec qui il va tenter de redonner vie \u00e0 une CNT          fran\u00e7aise.<\/p>\n<p>Entre temps il s&rsquo;engage syndicalement          dans son lieu de travail, parce que m&rsquo;avait-il pr\u00e9cise: \u00a0\u00bb\u00a0\u00e7a          para\u00eet impensable qu&rsquo;un type qui se dit syndicaliste r\u00e9volutionnaire,          anarcho-syndicaliste et qu&rsquo;il ne soit pas syndiqu\u00e9\u00a0\u00a0\u00bb m\u00eame si          les syndicats s&rsquo;appellent CGT ou CFDT. En fait pendant quelque temps il          a eu jusqu&rsquo;\u00e0 trois cartes syndicales. Celle de la CGT, de la CNT en exile          et de la CNT fran\u00e7aise. Plus concr\u00e8tement \u00e9tant le \u00a0\u00bb\u00a0rousp\u00e9teur          num\u00e9ro un\u00a0\u00a0\u00bb dans son usine de moins de cent salari\u00e9, il va \u00eatre          \u00e9lu r\u00e9guli\u00e8rement d\u00e9l\u00e9gu\u00e9 du personnel pendant quatorze ans.<\/p>\n<p>Il ne fr\u00e9quentera les \u00a0\u00bb\u00a0jeunes          anarchistes\u00a0\u00a0\u00bb fran\u00e7ais qu&rsquo;\u00e0 apr\u00e8s que Gemma Failla et moi-m\u00eame          nous ne le rencontr\u00e2mes plusieurs fois chez lui au milieu des ann\u00e9es 1970.          Il vient pendant quelques ann\u00e9es r\u00e9guli\u00e8rement aux r\u00e9unions au local historique          du renouveau anarchiste lyonnais, le fameux \u00a0\u00bb\u00a013 rue Pierre-Blanc\u00a0\u00ab\u00a0.          Il nous aide \u00e0 le retaper, et participe \u00e0 la vie du Collectif et de la          coordination libertaire sans jamais oublier les compagnons de la CNT-E          qu&rsquo;il appelait \u00a0\u00bb\u00a0mes vieux\u00a0\u00ab\u00a0. C&rsquo;est ce dernier engagement          qu&rsquo;il a tenu jusqu&rsquo;\u00e0 ce moi de juillet 2000.<\/p>\n<p>Fils d&rsquo;un militant ouvrier, ouvrier lui-m\u00eame,          syndicaliste et porteur d&rsquo;un imaginaire d&rsquo;une ancienne culture prol\u00e9taire,          lorsqu&rsquo;on se rencontrait nos discussions s&rsquo;alimentaient d&rsquo;un d\u00e9bat g\u00e9n\u00e9reux          autour des possibilit\u00e9s de changer le monde, de la probl\u00e9matique autour          de la condition ouvri\u00e8re aujourd&rsquo;hui et de ce qu&rsquo;elle nous permettait          d&rsquo;esp\u00e9rer, \u00e0 lui l&rsquo;anarcho-syndicaliste par filiation et militant syndicaliste          par conviction, et moi libertaire ou anarchiste fr\u00e9quentant et vivant          dans le monde alternatif croix-roussien. Notre culture et nos conditions          \u00e9taient diff\u00e9rentes, mais l&rsquo;enthousiasme et la passion que l&rsquo;un et l&rsquo;autre          d&rsquo;entre nous exprimions vis-\u00e0-vis de l&rsquo;anarchie nous faisait sentir de          fr\u00e8res.<\/p>\n<p>Germinal \u00e9tait donc id\u00e9alement mon fr\u00e8re          majeur. Pour moi, et je pense que pour un certain nombre d&rsquo;autres anarchistes          lyonnais, repr\u00e9sentait ce lien id\u00e9al avec l&rsquo;anarcho-syndicalisme historique          et le monde ouvrier d&rsquo;aujourd&rsquo;hui. C&rsquo;\u00e9tait un de ces anarchistes de c\u0153ur          et de passion pour qui la raison critique jouait ces tours de pessimisme          le conduisant \u00e0 ne plus reporter tous les espoirs sur ses \u00a0\u00bb\u00a0fr\u00e8res          de classes\u00a0\u00ab\u00a0, les ouvri\u00e8res qui d\u00e9sormais ne r\u00eavent pas ou plus          de faire une r\u00e9volution leur permettant de s&rsquo;\u00e9manciper. Ce dont Germinal          \u00e9tait conscient et ce pour quoi, parfois, il leur en voulait. En fait,          il ne pouvait pas accepter leur passivit\u00e9\u2026<\/p>\n<p>Germinal avait essay\u00e9 de <em>s&rsquo;\u00e9manciper<\/em>.          Il l&rsquo;avait fait autant qu&rsquo;il l&rsquo;avait pu gr\u00e2ce aux activit\u00e9s syndicales,          avec ces \u00a0\u00bb\u00a0vieux compagnons de l&rsquo;exile\u00a0\u00ab\u00a0, dans son          quotidien en go\u00fbtant pendant quelque temps un peu le mode de vie \u00a0\u00bb\u00a0alternative\u00a0\u00ab\u00a0,          et puis encore \u00e0 travers les relations qu&rsquo;il avait avec tous ses ami-e-s          et Susanna qui a \u00e9t\u00e9 pour lui, une amie, une compagne et un aide jusqu&rsquo;\u00e0          la fin. Susanna pour qui nous avons une pens\u00e9e toute particuli\u00e8re.<\/p>\n<p>Perdre un fr\u00e8re c&rsquo;est tr\u00e8s douloureux\u2026          \u00a0\u00bb\u00a0hasta siempre mi hermano\u00a0\u00ab\u00a0!<\/p>\n<p><a href=\"http:\/\/atelierdecreationlibertaire.com\/blogs1\/images-de-libertaires\/wp-content\/uploads\/germinal.jpg\" rel=\"lightbox[419]\"><img loading=\"lazy\" decoding=\"async\" class=\"aligncenter size-full wp-image-428\" src=\"http:\/\/atelierdecreationlibertaire.com\/blogs1\/images-de-libertaires\/wp-content\/uploads\/germinal.jpg\" alt=\"Germinal\" width=\"165\" height=\"147\" \/><\/a><\/p>\n<p><em>Mimmo Pucciarelli<br \/>\n<\/em>septembre 2000<br \/>\nArticle paru dans la revue <em>la Griffe<\/em> d&rsquo;octobre 2000<\/p><\/blockquote>\n<div class=\"tweetthis\" style=\"text-align:left;\"><p> <a target=\"_blank\" rel=\"nofollow\" class=\"tt\" href=\"http:\/\/twitter.com\/home\/?status=Hasta+siempre+mi+hermano+%21+Jos%C3%A9+Germinal+Sanchez+%28Baza%2C+Andalousie+1936+%E2%80%93+Lyon+2000%29+https%3A%2F%2Ftinyurl.com%2Fyrcg2llu\" title=\"Post to Twitter\"><img decoding=\"async\" class=\"nothumb\" src=\"http:\/\/atelierdecreationlibertaire.com\/blogs1\/images-de-libertaires\/wp-content\/plugins\/tweet-this\/icons\/en\/twitter\/tt-twitter-micro3.png\" alt=\"Post to Twitter\" \/><\/a><\/p><\/div>","protected":false},"excerpt":{"rendered":"<p>Germinal Sanchez nous a quitt\u00e9, en juillet 2000, vaincu par un cancer. Fils de la r\u00e9volution espagnole, comme il aimait le dire, Germinal \u00e9tait n\u00e9 en 1936. Il a suivi son p\u00e8re en adh\u00e9rant \u00e0 la CNT et il \u00e9tait un des animateurs de la CNT espagnole, \u00e0 Lyon. Il a accompagn\u00e9 le mouvement libertaire &hellip; <\/p>\n<p class=\"link-more\"><a href=\"http:\/\/atelierdecreationlibertaire.com\/blogs1\/images-de-libertaires\/hasta-siempre-mi-hermano-jose-germinal-sanchez-baza-andalousie-1936-lyon-2000-419\/\" class=\"more-link\">Continuer la lecture<span class=\"screen-reader-text\"> de &laquo;&nbsp;Hasta siempre mi hermano ! Jos\u00e9 Germinal Sanchez (Baza, Andalousie 1936 &#8211; Lyon 2000)&nbsp;&raquo;<\/span><\/a><\/p>\n","protected":false},"author":1,"featured_media":0,"comment_status":"open","ping_status":"open","sticky":false,"template":"","format":"standard","meta":{"footnotes":""},"categories":[86,57,5],"tags":[7,28,20],"_links":{"self":[{"href":"http:\/\/atelierdecreationlibertaire.com\/blogs1\/images-de-libertaires\/wp-json\/wp\/v2\/posts\/419"}],"collection":[{"href":"http:\/\/atelierdecreationlibertaire.com\/blogs1\/images-de-libertaires\/wp-json\/wp\/v2\/posts"}],"about":[{"href":"http:\/\/atelierdecreationlibertaire.com\/blogs1\/images-de-libertaires\/wp-json\/wp\/v2\/types\/post"}],"author":[{"embeddable":true,"href":"http:\/\/atelierdecreationlibertaire.com\/blogs1\/images-de-libertaires\/wp-json\/wp\/v2\/users\/1"}],"replies":[{"embeddable":true,"href":"http:\/\/atelierdecreationlibertaire.com\/blogs1\/images-de-libertaires\/wp-json\/wp\/v2\/comments?post=419"}],"version-history":[{"count":11,"href":"http:\/\/atelierdecreationlibertaire.com\/blogs1\/images-de-libertaires\/wp-json\/wp\/v2\/posts\/419\/revisions"}],"predecessor-version":[{"id":431,"href":"http:\/\/atelierdecreationlibertaire.com\/blogs1\/images-de-libertaires\/wp-json\/wp\/v2\/posts\/419\/revisions\/431"}],"wp:attachment":[{"href":"http:\/\/atelierdecreationlibertaire.com\/blogs1\/images-de-libertaires\/wp-json\/wp\/v2\/media?parent=419"}],"wp:term":[{"taxonomy":"category","embeddable":true,"href":"http:\/\/atelierdecreationlibertaire.com\/blogs1\/images-de-libertaires\/wp-json\/wp\/v2\/categories?post=419"},{"taxonomy":"post_tag","embeddable":true,"href":"http:\/\/atelierdecreationlibertaire.com\/blogs1\/images-de-libertaires\/wp-json\/wp\/v2\/tags?post=419"}],"curies":[{"name":"wp","href":"https:\/\/api.w.org\/{rel}","templated":true}]}}