{"id":480,"date":"2009-05-29T00:15:36","date_gmt":"2009-05-28T22:15:36","guid":{"rendered":"http:\/\/atelierdecreationlibertaire.com\/blogs\/images-de-libertaires\/?p=480"},"modified":"2009-05-23T22:38:48","modified_gmt":"2009-05-23T20:38:48","slug":"15-et-16-mai-1976-fete-de-politique-hebdo","status":"publish","type":"post","link":"http:\/\/atelierdecreationlibertaire.com\/blogs1\/images-de-libertaires\/15-et-16-mai-1976-fete-de-politique-hebdo-480\/","title":{"rendered":"15 et 16 mai 1976 &#8211; f\u00eate de Politique Hebdo"},"content":{"rendered":"<p>Politique Hebdo avait organis\u00e9 une f\u00eate au Centre Pierre Valdo, dans un parc. Les anarchistes lyonnais (et grenoblois) y tinrent une table de presse. Il ne reste malheureusement pas de photos de la pr\u00e9sence libertaire \u00e0 cette f\u00eate&#8230; si ce n&rsquo;est un A cercl\u00e9 et un \u00ab anarchie \u00bb bomb\u00e9 sur le d\u00e9cor de fond de sc\u00e8ne du spectacle des Mirabelles : \u00ab Les guerilleroses \u00bb.<\/p>\n<p><a href=\"http:\/\/atelierdecreationlibertaire.com\/blogs1\/images-de-libertaires\/wp-content\/uploads\/197605-15-fete-de-politique-hebdo-photo-c-l.jpg\" rel=\"lightbox[480]\"><img loading=\"lazy\" decoding=\"async\" class=\"aligncenter size-medium wp-image-481\" src=\"http:\/\/atelierdecreationlibertaire.com\/blogs1\/images-de-libertaires\/wp-content\/uploads\/197605-15-fete-de-politique-hebdo-photo-c-l-248x300.jpg\" alt=\"197605-15-fete-de-politique-hebdo-photo-c-l\" width=\"248\" height=\"300\" srcset=\"http:\/\/atelierdecreationlibertaire.com\/blogs1\/images-de-libertaires\/wp-content\/uploads\/197605-15-fete-de-politique-hebdo-photo-c-l-248x300.jpg 248w, http:\/\/atelierdecreationlibertaire.com\/blogs1\/images-de-libertaires\/wp-content\/uploads\/197605-15-fete-de-politique-hebdo-photo-c-l.jpg 398w\" sizes=\"(max-width: 248px) 100vw, 248px\" \/><\/a><\/p>\n<p><em>(photo C. L.)<\/em><\/p>\n<div class=\"tweetthis\" style=\"text-align:left;\"><p> <a target=\"_blank\" rel=\"nofollow\" class=\"tt\" href=\"http:\/\/twitter.com\/home\/?status=15+et+16+mai+1976+%E2%80%93+f%C3%AAte+de+Politique+Hebdo+https%3A%2F%2Ftinyurl.com%2Fyngqulsh\" title=\"Post to Twitter\"><img decoding=\"async\" class=\"nothumb\" src=\"http:\/\/atelierdecreationlibertaire.com\/blogs1\/images-de-libertaires\/wp-content\/plugins\/tweet-this\/icons\/en\/twitter\/tt-twitter-micro3.png\" alt=\"Post to Twitter\" \/><\/a><\/p><\/div>","protected":false},"excerpt":{"rendered":"<p>Politique Hebdo avait organis\u00e9 une f\u00eate au Centre Pierre Valdo, dans un parc. Les anarchistes lyonnais (et grenoblois) y tinrent une table de presse. Il ne reste malheureusement pas de photos de la pr\u00e9sence libertaire \u00e0 cette f\u00eate&#8230; si ce n&rsquo;est un A cercl\u00e9 et un \u00ab anarchie \u00bb bomb\u00e9 sur le d\u00e9cor de fond &hellip; <\/p>\n<p class=\"link-more\"><a href=\"http:\/\/atelierdecreationlibertaire.com\/blogs1\/images-de-libertaires\/15-et-16-mai-1976-fete-de-politique-hebdo-480\/\" class=\"more-link\">Continuer la lecture<span class=\"screen-reader-text\"> de &laquo;&nbsp;15 et 16 mai 1976 &#8211; f\u00eate de Politique Hebdo&nbsp;&raquo;<\/span><\/a><\/p>\n","protected":false},"author":1,"featured_media":0,"comment_status":"open","ping_status":"open","sticky":false,"template":"","format":"standard","meta":{"footnotes":""},"categories":[88,54],"tags":[27],"_links":{"self":[{"href":"http:\/\/atelierdecreationlibertaire.com\/blogs1\/images-de-libertaires\/wp-json\/wp\/v2\/posts\/480"}],"collection":[{"href":"http:\/\/atelierdecreationlibertaire.com\/blogs1\/images-de-libertaires\/wp-json\/wp\/v2\/posts"}],"about":[{"href":"http:\/\/atelierdecreationlibertaire.com\/blogs1\/images-de-libertaires\/wp-json\/wp\/v2\/types\/post"}],"author":[{"embeddable":true,"href":"http:\/\/atelierdecreationlibertaire.com\/blogs1\/images-de-libertaires\/wp-json\/wp\/v2\/users\/1"}],"replies":[{"embeddable":true,"href":"http:\/\/atelierdecreationlibertaire.com\/blogs1\/images-de-libertaires\/wp-json\/wp\/v2\/comments?post=480"}],"version-history":[{"count":2,"href":"http:\/\/atelierdecreationlibertaire.com\/blogs1\/images-de-libertaires\/wp-json\/wp\/v2\/posts\/480\/revisions"}],"predecessor-version":[{"id":483,"href":"http:\/\/atelierdecreationlibertaire.com\/blogs1\/images-de-libertaires\/wp-json\/wp\/v2\/posts\/480\/revisions\/483"}],"wp:attachment":[{"href":"http:\/\/atelierdecreationlibertaire.com\/blogs1\/images-de-libertaires\/wp-json\/wp\/v2\/media?parent=480"}],"wp:term":[{"taxonomy":"category","embeddable":true,"href":"http:\/\/atelierdecreationlibertaire.com\/blogs1\/images-de-libertaires\/wp-json\/wp\/v2\/categories?post=480"},{"taxonomy":"post_tag","embeddable":true,"href":"http:\/\/atelierdecreationlibertaire.com\/blogs1\/images-de-libertaires\/wp-json\/wp\/v2\/tags?post=480"}],"curies":[{"name":"wp","href":"https:\/\/api.w.org\/{rel}","templated":true}]}}