{"id":549,"date":"2009-06-03T00:15:48","date_gmt":"2009-06-02T22:15:48","guid":{"rendered":"http:\/\/atelierdecreationlibertaire.com\/blogs\/images-de-libertaires\/?p=549"},"modified":"2009-05-30T22:45:17","modified_gmt":"2009-05-30T20:45:17","slug":"murray-bookchin-a-lyon-en-1984","status":"publish","type":"post","link":"http:\/\/atelierdecreationlibertaire.com\/blogs1\/images-de-libertaires\/murray-bookchin-a-lyon-en-1984-549\/","title":{"rendered":"Murray Bookchin \u00e0 Lyon en 1984"},"content":{"rendered":"<p>\u00ab L&rsquo;autre Am\u00e9rique \u00e9cologiste et libertaire \u00bb \u00e9tait le sujet de la rencontre-d\u00e9bat avec <a href=\"http:\/\/atelierdecreationlibertaire.com\/+-BOOKCHIN-Murray-+.html\" target=\"_blank\">Murray Bookchin<\/a>. Cette rencontre, \u00e0 l&rsquo;initiative de la librairie <a href=\"http:\/\/atelierdecreationlibertaire.com\/blogs1\/images-de-libertaires\/tag\/irl\/\" target=\"_blank\">la Gryffe<\/a>, de la revue <a href=\"http:\/\/atelierdecreationlibertaire.com\/blogs1\/images-de-libertaires\/tag\/irl\/\" target=\"_blank\">IRL<\/a> et de l&rsquo;<a href=\"http:\/\/www.atelierdecreationlibertaire.com\" target=\"_blank\">Atelier de cr\u00e9ation libertaire<\/a>, eut lieu dans les locaux de la Condition des Soies, sur les Pentes de la Croux-Rousse, le mercredi 14 novembre 1984.<\/p>\n\n\t\t\t<div id='549-1' class='gallery gallery-549 gallery-columns-2 gallery-size-thumbnail' itemscope itemtype='http:\/\/schema.org\/ImageGallery'>\n\t\t\t\t<div class='gallery-row gallery-col-2 gallery-clear'>\n\t\t\t\t\t<figure class='gallery-item col-2' itemprop='associatedMedia' itemscope itemtype='http:\/\/schema.org\/ImageObject'>\n\t\t\t\t\t\t<div class='gallery-icon landscape'><a href='http:\/\/atelierdecreationlibertaire.com\/blogs1\/images-de-libertaires\/wp-content\/uploads\/1984-11-14-rencontre-dabat-bookchin-condition-des-soies-1.jpg' itemprop=\"contentURL\" rel=\"lightbox[549]\"><img loading=\"lazy\" decoding=\"async\" width=\"150\" height=\"150\" src=\"http:\/\/atelierdecreationlibertaire.com\/blogs1\/images-de-libertaires\/wp-content\/uploads\/1984-11-14-rencontre-dabat-bookchin-condition-des-soies-1-150x150.jpg\" class=\"attachment-thumbnail size-thumbnail\" alt=\"\" itemprop=\"thumbnail\" sizes=\"100vw\" \/><\/a><\/div>\n\t\t\t\t\t<\/figure>\n\t\t\t\t\t<figure class='gallery-item col-2' itemprop='associatedMedia' itemscope itemtype='http:\/\/schema.org\/ImageObject'>\n\t\t\t\t\t\t<div class='gallery-icon landscape'><a href='http:\/\/atelierdecreationlibertaire.com\/blogs1\/images-de-libertaires\/wp-content\/uploads\/1984-11-14-rencontre-dabat-bookchin-condition-des-soies-2.jpg' itemprop=\"contentURL\" rel=\"lightbox[549]\"><img loading=\"lazy\" decoding=\"async\" width=\"150\" height=\"150\" src=\"http:\/\/atelierdecreationlibertaire.com\/blogs1\/images-de-libertaires\/wp-content\/uploads\/1984-11-14-rencontre-dabat-bookchin-condition-des-soies-2-150x150.jpg\" class=\"attachment-thumbnail size-thumbnail\" alt=\"\" itemprop=\"thumbnail\" sizes=\"100vw\" \/><\/a><\/div>\n\t\t\t\t\t<\/figure>\n\t\t\t\t<\/div>\n\t\t\t<\/div><!-- .gallery -->\n\n<p><em>(photographies de Mimmo Pucciarelli)<\/em><\/p>\n<div class=\"tweetthis\" style=\"text-align:left;\"><p> <a target=\"_blank\" rel=\"nofollow\" class=\"tt\" href=\"http:\/\/twitter.com\/home\/?status=Murray+Bookchin+%C3%A0+Lyon+en+1984+https%3A%2F%2Ftinyurl.com%2Fyv6synau\" title=\"Post to Twitter\"><img decoding=\"async\" class=\"nothumb\" src=\"http:\/\/atelierdecreationlibertaire.com\/blogs1\/images-de-libertaires\/wp-content\/plugins\/tweet-this\/icons\/en\/twitter\/tt-twitter-micro3.png\" alt=\"Post to Twitter\" \/><\/a><\/p><\/div>","protected":false},"excerpt":{"rendered":"<p>\u00ab L&rsquo;autre Am\u00e9rique \u00e9cologiste et libertaire \u00bb \u00e9tait le sujet de la rencontre-d\u00e9bat avec Murray Bookchin. Cette rencontre, \u00e0 l&rsquo;initiative de la librairie la Gryffe, de la revue IRL et de l&rsquo;Atelier de cr\u00e9ation libertaire, eut lieu dans les locaux de la Condition des Soies, sur les Pentes de la Croux-Rousse, le mercredi 14 novembre &hellip; <\/p>\n<p class=\"link-more\"><a href=\"http:\/\/atelierdecreationlibertaire.com\/blogs1\/images-de-libertaires\/murray-bookchin-a-lyon-en-1984-549\/\" class=\"more-link\">Continuer la lecture<span class=\"screen-reader-text\"> de &laquo;&nbsp;Murray Bookchin \u00e0 Lyon en 1984&nbsp;&raquo;<\/span><\/a><\/p>\n","protected":false},"author":1,"featured_media":0,"comment_status":"open","ping_status":"open","sticky":false,"template":"","format":"standard","meta":{"footnotes":""},"categories":[74,55,12],"tags":[324],"_links":{"self":[{"href":"http:\/\/atelierdecreationlibertaire.com\/blogs1\/images-de-libertaires\/wp-json\/wp\/v2\/posts\/549"}],"collection":[{"href":"http:\/\/atelierdecreationlibertaire.com\/blogs1\/images-de-libertaires\/wp-json\/wp\/v2\/posts"}],"about":[{"href":"http:\/\/atelierdecreationlibertaire.com\/blogs1\/images-de-libertaires\/wp-json\/wp\/v2\/types\/post"}],"author":[{"embeddable":true,"href":"http:\/\/atelierdecreationlibertaire.com\/blogs1\/images-de-libertaires\/wp-json\/wp\/v2\/users\/1"}],"replies":[{"embeddable":true,"href":"http:\/\/atelierdecreationlibertaire.com\/blogs1\/images-de-libertaires\/wp-json\/wp\/v2\/comments?post=549"}],"version-history":[{"count":4,"href":"http:\/\/atelierdecreationlibertaire.com\/blogs1\/images-de-libertaires\/wp-json\/wp\/v2\/posts\/549\/revisions"}],"predecessor-version":[{"id":554,"href":"http:\/\/atelierdecreationlibertaire.com\/blogs1\/images-de-libertaires\/wp-json\/wp\/v2\/posts\/549\/revisions\/554"}],"wp:attachment":[{"href":"http:\/\/atelierdecreationlibertaire.com\/blogs1\/images-de-libertaires\/wp-json\/wp\/v2\/media?parent=549"}],"wp:term":[{"taxonomy":"category","embeddable":true,"href":"http:\/\/atelierdecreationlibertaire.com\/blogs1\/images-de-libertaires\/wp-json\/wp\/v2\/categories?post=549"},{"taxonomy":"post_tag","embeddable":true,"href":"http:\/\/atelierdecreationlibertaire.com\/blogs1\/images-de-libertaires\/wp-json\/wp\/v2\/tags?post=549"}],"curies":[{"name":"wp","href":"https:\/\/api.w.org\/{rel}","templated":true}]}}