{"id":651,"date":"2009-06-17T00:15:11","date_gmt":"2009-06-16T22:15:11","guid":{"rendered":"http:\/\/atelierdecreationlibertaire.com\/blogs\/images-de-libertaires\/?p=651"},"modified":"2009-06-17T19:19:38","modified_gmt":"2009-06-17T17:19:38","slug":"28-septembre-1979-meeting-de-soutien-a-pier-paolo-goegan","status":"publish","type":"post","link":"http:\/\/atelierdecreationlibertaire.com\/blogs1\/images-de-libertaires\/28-septembre-1979-meeting-de-soutien-a-pier-paolo-goegan-651\/","title":{"rendered":"28 septembre 1979 &#8211; Meeting de soutien \u00e0 Pier Paolo Goegan"},"content":{"rendered":"<p>Pier Paolo Goegan, un anarchiste italien habitant en France, collaborait r\u00e9guli\u00e8rement \u00e0 la revue <a href=\"http:\/\/atelierdecreationlibertaire.com\/blogs1\/images-de-libertaires\/tag\/irl\/\" target=\"_blank\">IRL<\/a>. Un meeting de l&rsquo;Eurodroite devait se d\u00e9rouler \u00e0 Lyon, d\u00e9but f\u00e9vrier 1979. Dans un des articles de cette revue, \u00ab Au-del\u00e0 du meeting de l&rsquo;euro-droite: de l&rsquo;anti-fascisme \u00e0 l&rsquo;anti-institutionnalisme \u00bb, il proposait de s&rsquo;attaquer \u00e0 certains symboles, dont les soci\u00e9t\u00e9s d&rsquo;int\u00e9rim. Durant la contre-manifestation qui se d\u00e9roula le 6 f\u00e9vrier, des soci\u00e9t\u00e9s d&rsquo;int\u00e9rim furent caillass\u00e9es : l&rsquo;\u00ab affaire \u00bb Goegan allait commencer.<\/p>\n\n\t\t\t<div id='651-1' class='gallery gallery-651 gallery-columns-3 gallery-size-thumbnail' itemscope itemtype='http:\/\/schema.org\/ImageGallery'>\n\t\t\t\t<div class='gallery-row gallery-col-3 gallery-clear'>\n\t\t\t\t\t<figure class='gallery-item col-3' itemprop='associatedMedia' itemscope itemtype='http:\/\/schema.org\/ImageObject'>\n\t\t\t\t\t\t<div class='gallery-icon landscape'><a href='http:\/\/atelierdecreationlibertaire.com\/blogs1\/images-de-libertaires\/wp-content\/uploads\/1979-09-28-meeting-de-soutien-pier-paolo-goegan-4.jpg' itemprop=\"contentURL\" rel=\"lightbox[651]\"><img loading=\"lazy\" decoding=\"async\" width=\"150\" height=\"150\" src=\"http:\/\/atelierdecreationlibertaire.com\/blogs1\/images-de-libertaires\/wp-content\/uploads\/1979-09-28-meeting-de-soutien-pier-paolo-goegan-4-150x150.jpg\" class=\"attachment-thumbnail size-thumbnail\" alt=\"\" itemprop=\"thumbnail\" sizes=\"100vw\" \/><\/a><\/div>\n\t\t\t\t\t<\/figure>\n\t\t\t\t\t<figure class='gallery-item col-3' itemprop='associatedMedia' itemscope itemtype='http:\/\/schema.org\/ImageObject'>\n\t\t\t\t\t\t<div class='gallery-icon landscape'><a href='http:\/\/atelierdecreationlibertaire.com\/blogs1\/images-de-libertaires\/wp-content\/uploads\/1979-09-28-meeting-de-soutien-pier-paolo-goegan-1.jpg' itemprop=\"contentURL\" rel=\"lightbox[651]\"><img loading=\"lazy\" decoding=\"async\" width=\"150\" height=\"150\" src=\"http:\/\/atelierdecreationlibertaire.com\/blogs1\/images-de-libertaires\/wp-content\/uploads\/1979-09-28-meeting-de-soutien-pier-paolo-goegan-1-150x150.jpg\" class=\"attachment-thumbnail size-thumbnail\" alt=\"\" itemprop=\"thumbnail\" sizes=\"100vw\" \/><\/a><\/div>\n\t\t\t\t\t<\/figure>\n\t\t\t\t\t<figure class='gallery-item col-3' itemprop='associatedMedia' itemscope itemtype='http:\/\/schema.org\/ImageObject'>\n\t\t\t\t\t\t<div class='gallery-icon landscape'><a href='http:\/\/atelierdecreationlibertaire.com\/blogs1\/images-de-libertaires\/wp-content\/uploads\/1979-09-28-meeting-de-soutien-pier-paolo-goegan-2.jpg' itemprop=\"contentURL\" rel=\"lightbox[651]\"><img loading=\"lazy\" decoding=\"async\" width=\"150\" height=\"150\" src=\"http:\/\/atelierdecreationlibertaire.com\/blogs1\/images-de-libertaires\/wp-content\/uploads\/1979-09-28-meeting-de-soutien-pier-paolo-goegan-2-150x150.jpg\" class=\"attachment-thumbnail size-thumbnail\" alt=\"\" itemprop=\"thumbnail\" sizes=\"100vw\" \/><\/a><\/div>\n\t\t\t\t\t<\/figure>\n\t\t\t\t<\/div>\n\t\t\t\t<div class='gallery-row gallery-col-3 gallery-clear'>\n\t\t\t\t\t<figure class='gallery-item col-3' itemprop='associatedMedia' itemscope itemtype='http:\/\/schema.org\/ImageObject'>\n\t\t\t\t\t\t<div class='gallery-icon landscape'><a href='http:\/\/atelierdecreationlibertaire.com\/blogs1\/images-de-libertaires\/wp-content\/uploads\/1979-09-28-meeting-de-soutien-pier-paolo-goegan-3.jpg' itemprop=\"contentURL\" rel=\"lightbox[651]\"><img loading=\"lazy\" decoding=\"async\" width=\"150\" height=\"150\" src=\"http:\/\/atelierdecreationlibertaire.com\/blogs1\/images-de-libertaires\/wp-content\/uploads\/1979-09-28-meeting-de-soutien-pier-paolo-goegan-3-150x150.jpg\" class=\"attachment-thumbnail size-thumbnail\" alt=\"\" itemprop=\"thumbnail\" sizes=\"100vw\" \/><\/a><\/div>\n\t\t\t\t\t<\/figure>\n\t\t\t<\/div>\n\t\t\t<\/div><!-- .gallery -->\n\n<p><!--more--><\/p>\n<p><strong>D\u00e9roulement de l&rsquo;affaire :<\/strong><\/p>\n<p>6 f\u00e9vrier1979 : meeting de l&rsquo;Eurodroite et contre-manifestation<br \/>\n27 mars 1979 : arrestation de Pier Paolo Goegan, collaborateur r\u00e9gulier d&rsquo;IRL, arr\u00eat\u00e9 pour avoir \u00e9crit un article sur IRL 24 du 15\/1\/79.<br \/>\n4 avril 1979 : il est remis en libert\u00e9 mais plac\u00e9 sous contr\u00f4le judiciaire. Il re\u00e7oit le m\u00eame jour un arr\u00eat\u00e9 d&rsquo;expulsion (dat\u00e9 du 2 avril)<br \/>\n28 septembre 1979 : meeting de soutien \u00e0 la mairie du 6e<br \/>\n16 octobre 1979 : proc\u00e8s<br \/>\n14 novembre 1979 : condamnation \u00e0 3 mois de prison avec sursis et 2000 francs d&rsquo;amende<br \/>\n28 f\u00e9vier 1980: d\u00e9claration de nullit\u00e9 du r\u00e9quisitoire contre P. P. Goegan (15 jours avant, le tribunal administratif de Lyon annulait l&rsquo;arr\u00eat\u00e9 d&rsquo;expulsion).<\/p>\n<p><strong>Articles d&rsquo;IRL<\/strong><br \/>\nIRL 24 (15\/1\/79)\u00a0\u00a0 \u00a0\u00ab\u00a0Au-del\u00e0 du meeting de l&rsquo;euro-droite: de l&rsquo;anti-fascisme \u00e0 l&rsquo;anti-institutionnalisme\u00a0\u00bb (p. 5): article \u00e0 l&rsquo;origine des poursuites<br \/>\nIRL 25 (15\/2\/79)\u00a0\u00a0 \u00a0\u00ab\u00a06 f\u00e9vrier 79\u00a0\u00bb: article de Christian P. sur la manif puis sur la sortie du meeting de l&rsquo;euro-droite (p. 3)<br \/>\n\u00ab\u00a0Banderole\u00a0\u00bb et \u00ab\u00a0A propos de la manif contre le meeting de l&rsquo;euro-droite\u00a0\u00bb (p. 4)<br \/>\n\u00ab\u00a0Halte au fascisme de tous les jours\u00a0\u00bb: tract distribu\u00e9 au cours de la manif (p. 5)<br \/>\nIRL 27 (15\/4\/79)\u00a0\u00a0 \u00a0\u00ab\u00a0Flagrant d\u00e9lire d&rsquo;opinion\u00a0\u00bb : Jean-Marc, bref r\u00e9sum\u00e9 de la situation juridique (p. 3)<br \/>\n\u00ab\u00a0Prophylaxie proph\u00e9tique\u00a0\u00bb : Bruno H\u00e9rail (p. 4)<br \/>\n\u00ab\u00a0Vous avez dit incitation ?\u00a0\u00bb bande dessin\u00e9e (p. 5 et 6)<br \/>\n\u00ab\u00a0C&rsquo;est la faute \u00e0 Voltaire\u00a0\u00bb : Alain (p. 7)<br \/>\n\u00ab\u00a0Du bon usage des couvertures\u00a0\u00bb : article de D.C. (Dominique Couvreur) repris de Lib\u00e9ration (p. 9)<br \/>\n\u00ab\u00a0Lettre ouverte de 12 personnes au juge\u00a0\u00bb\u00a0 (p. 9)<br \/>\nNum\u00e9ro sp\u00e9cial (26\/9\/79) :\u00a0\u00a0 num\u00e9ro tir\u00e9, pour une partie, derri\u00e8re l&rsquo;affiche appelant \u00e0 un meeting le 28\/9 \u00e0 la mairie du 6e<br \/>\n\u00ab\u00a0Pour Paolo\u00a0\u00bb : Christian Delorme<br \/>\n\u00ab\u00a0Aux anti-autoritaires en mouvement\u00a0\u00bb : Pier Paolo Goegan<br \/>\n\u00ab\u00a0Etre ou ne pas \u00eatre ou encore sur le probl\u00e8me de la ligne juste\u00a0\u00bb : XX<br \/>\n\u00ab\u00a0Les institutions tuent\u00a0\u00bb : Pier Paolo Goegan<br \/>\n\u00ab\u00a0Violence Libert\u00e9 d&rsquo;expression Expression libertaire\u00a0\u00bb<br \/>\nIRL 30 (novembre 79)\u00a0\u00a0 \u00a0\u00ab\u00a0Paolo Goegan en vacances, au&#8230; relais du pouvoir\u00a0\u00bb : Pier Paolo Goegan (p. 14)<br \/>\nIRL 31 (d\u00e9cembre 79)\u00a0\u00a0 \u00a0\u00ab\u00a0P. Paolo Goegan\u00a0\u00bb: photocopie du texte de justice le condamnant (4e de couverture)<br \/>\nIRL 32 (f\u00e9vrier 80)\u00a0\u00a0 \u00a0\u00ab\u00a0D\/\u00e9ch\u00e9ance\u00a0\u00a0 Paolo Goegan ren\/contre le ministre de l&rsquo;int\u00e9rieur\u00a0\u00bb : Pier Paolo Goegan (p. 3)<\/p>\n<div class=\"tweetthis\" style=\"text-align:left;\"><p> <a target=\"_blank\" rel=\"nofollow\" class=\"tt\" href=\"http:\/\/twitter.com\/home\/?status=28+septembre+1979+%E2%80%93+Meeting+de+soutien+%C3%A0+Pier+Paolo+Goegan+https%3A%2F%2Ftinyurl.com%2Fyn8czao2\" title=\"Post to Twitter\"><img decoding=\"async\" class=\"nothumb\" src=\"http:\/\/atelierdecreationlibertaire.com\/blogs1\/images-de-libertaires\/wp-content\/plugins\/tweet-this\/icons\/en\/twitter\/tt-twitter-micro3.png\" alt=\"Post to Twitter\" \/><\/a><\/p><\/div>","protected":false},"excerpt":{"rendered":"<p>Pier Paolo Goegan, un anarchiste italien habitant en France, collaborait r\u00e9guli\u00e8rement \u00e0 la revue IRL. Un meeting de l&rsquo;Eurodroite devait se d\u00e9rouler \u00e0 Lyon, d\u00e9but f\u00e9vrier 1979. Dans un des articles de cette revue, \u00ab Au-del\u00e0 du meeting de l&rsquo;euro-droite: de l&rsquo;anti-fascisme \u00e0 l&rsquo;anti-institutionnalisme \u00bb, il proposait de s&rsquo;attaquer \u00e0 certains symboles, dont les soci\u00e9t\u00e9s &hellip; <\/p>\n<p class=\"link-more\"><a href=\"http:\/\/atelierdecreationlibertaire.com\/blogs1\/images-de-libertaires\/28-septembre-1979-meeting-de-soutien-a-pier-paolo-goegan-651\/\" class=\"more-link\">Continuer la lecture<span class=\"screen-reader-text\"> de &laquo;&nbsp;28 septembre 1979 &#8211; Meeting de soutien \u00e0 Pier Paolo Goegan&nbsp;&raquo;<\/span><\/a><\/p>\n","protected":false},"author":1,"featured_media":0,"comment_status":"open","ping_status":"closed","sticky":false,"template":"","format":"standard","meta":{"footnotes":""},"categories":[61,54,5],"tags":[123,20],"_links":{"self":[{"href":"http:\/\/atelierdecreationlibertaire.com\/blogs1\/images-de-libertaires\/wp-json\/wp\/v2\/posts\/651"}],"collection":[{"href":"http:\/\/atelierdecreationlibertaire.com\/blogs1\/images-de-libertaires\/wp-json\/wp\/v2\/posts"}],"about":[{"href":"http:\/\/atelierdecreationlibertaire.com\/blogs1\/images-de-libertaires\/wp-json\/wp\/v2\/types\/post"}],"author":[{"embeddable":true,"href":"http:\/\/atelierdecreationlibertaire.com\/blogs1\/images-de-libertaires\/wp-json\/wp\/v2\/users\/1"}],"replies":[{"embeddable":true,"href":"http:\/\/atelierdecreationlibertaire.com\/blogs1\/images-de-libertaires\/wp-json\/wp\/v2\/comments?post=651"}],"version-history":[{"count":6,"href":"http:\/\/atelierdecreationlibertaire.com\/blogs1\/images-de-libertaires\/wp-json\/wp\/v2\/posts\/651\/revisions"}],"predecessor-version":[{"id":661,"href":"http:\/\/atelierdecreationlibertaire.com\/blogs1\/images-de-libertaires\/wp-json\/wp\/v2\/posts\/651\/revisions\/661"}],"wp:attachment":[{"href":"http:\/\/atelierdecreationlibertaire.com\/blogs1\/images-de-libertaires\/wp-json\/wp\/v2\/media?parent=651"}],"wp:term":[{"taxonomy":"category","embeddable":true,"href":"http:\/\/atelierdecreationlibertaire.com\/blogs1\/images-de-libertaires\/wp-json\/wp\/v2\/categories?post=651"},{"taxonomy":"post_tag","embeddable":true,"href":"http:\/\/atelierdecreationlibertaire.com\/blogs1\/images-de-libertaires\/wp-json\/wp\/v2\/tags?post=651"}],"curies":[{"name":"wp","href":"https:\/\/api.w.org\/{rel}","templated":true}]}}