{"id":688,"date":"2009-07-03T00:10:55","date_gmt":"2009-07-02T22:10:55","guid":{"rendered":"http:\/\/atelierdecreationlibertaire.com\/blogs\/images-de-libertaires\/?p=688"},"modified":"2009-06-26T21:12:29","modified_gmt":"2009-06-26T19:12:29","slug":"une-reunion-de-latelier-de-creation-libertaire-en-1997","status":"publish","type":"post","link":"http:\/\/atelierdecreationlibertaire.com\/blogs1\/images-de-libertaires\/une-reunion-de-latelier-de-creation-libertaire-en-1997-688\/","title":{"rendered":"Une r\u00e9union de l&rsquo;Atelier de cr\u00e9ation libertaire, en 1997"},"content":{"rendered":"<p>On ne saura pas ce qui s&rsquo;\u00e9tait dit lors de cette r\u00e9union, juste que \u00e7a avait laiss\u00e9 tout le monde songeurs&#8230; Les r\u00e9unions de l&rsquo;Acl, \u00e0 cette \u00e9poque, se d\u00e9roulait dans le local de la rue Diderot. Sur cette photo, qui daterait de d\u00e9cembre 1997, on a, de gauche \u00e0 droite, Mimmo, Bernard et Alain.<\/p>\n<p><a href=\"http:\/\/atelierdecreationlibertaire.com\/blogs1\/images-de-libertaires\/wp-content\/uploads\/1997-12-acl.jpg\" rel=\"lightbox[688]\"><img loading=\"lazy\" decoding=\"async\" class=\"aligncenter size-medium wp-image-690\" src=\"http:\/\/atelierdecreationlibertaire.com\/blogs1\/images-de-libertaires\/wp-content\/uploads\/1997-12-acl-300x193.jpg\" alt=\"1997-12-acl\" width=\"300\" height=\"193\" srcset=\"http:\/\/atelierdecreationlibertaire.com\/blogs1\/images-de-libertaires\/wp-content\/uploads\/1997-12-acl-300x193.jpg 300w, http:\/\/atelierdecreationlibertaire.com\/blogs1\/images-de-libertaires\/wp-content\/uploads\/1997-12-acl.jpg 640w\" sizes=\"(max-width: 300px) 100vw, 300px\" \/><\/a><\/p>\n<div class=\"tweetthis\" style=\"text-align:left;\"><p> <a target=\"_blank\" rel=\"nofollow\" class=\"tt\" href=\"http:\/\/twitter.com\/home\/?status=Une+r%C3%A9union+de+l%E2%80%99Atelier+de+cr%C3%A9ation+libertaire%2C+en+1997+https%3A%2F%2Ftinyurl.com%2Fypmslzc3\" title=\"Post to Twitter\"><img decoding=\"async\" class=\"nothumb\" src=\"http:\/\/atelierdecreationlibertaire.com\/blogs1\/images-de-libertaires\/wp-content\/plugins\/tweet-this\/icons\/en\/twitter\/tt-twitter-micro3.png\" alt=\"Post to Twitter\" \/><\/a><\/p><\/div>","protected":false},"excerpt":{"rendered":"<p>On ne saura pas ce qui s&rsquo;\u00e9tait dit lors de cette r\u00e9union, juste que \u00e7a avait laiss\u00e9 tout le monde songeurs&#8230; Les r\u00e9unions de l&rsquo;Acl, \u00e0 cette \u00e9poque, se d\u00e9roulait dans le local de la rue Diderot. Sur cette photo, qui daterait de d\u00e9cembre 1997, on a, de gauche \u00e0 droite, Mimmo, Bernard et Alain.<\/p>\n","protected":false},"author":1,"featured_media":0,"comment_status":"open","ping_status":"closed","sticky":false,"template":"","format":"standard","meta":{"footnotes":""},"categories":[69,56,5,12],"tags":[124,20],"_links":{"self":[{"href":"http:\/\/atelierdecreationlibertaire.com\/blogs1\/images-de-libertaires\/wp-json\/wp\/v2\/posts\/688"}],"collection":[{"href":"http:\/\/atelierdecreationlibertaire.com\/blogs1\/images-de-libertaires\/wp-json\/wp\/v2\/posts"}],"about":[{"href":"http:\/\/atelierdecreationlibertaire.com\/blogs1\/images-de-libertaires\/wp-json\/wp\/v2\/types\/post"}],"author":[{"embeddable":true,"href":"http:\/\/atelierdecreationlibertaire.com\/blogs1\/images-de-libertaires\/wp-json\/wp\/v2\/users\/1"}],"replies":[{"embeddable":true,"href":"http:\/\/atelierdecreationlibertaire.com\/blogs1\/images-de-libertaires\/wp-json\/wp\/v2\/comments?post=688"}],"version-history":[{"count":6,"href":"http:\/\/atelierdecreationlibertaire.com\/blogs1\/images-de-libertaires\/wp-json\/wp\/v2\/posts\/688\/revisions"}],"predecessor-version":[{"id":695,"href":"http:\/\/atelierdecreationlibertaire.com\/blogs1\/images-de-libertaires\/wp-json\/wp\/v2\/posts\/688\/revisions\/695"}],"wp:attachment":[{"href":"http:\/\/atelierdecreationlibertaire.com\/blogs1\/images-de-libertaires\/wp-json\/wp\/v2\/media?parent=688"}],"wp:term":[{"taxonomy":"category","embeddable":true,"href":"http:\/\/atelierdecreationlibertaire.com\/blogs1\/images-de-libertaires\/wp-json\/wp\/v2\/categories?post=688"},{"taxonomy":"post_tag","embeddable":true,"href":"http:\/\/atelierdecreationlibertaire.com\/blogs1\/images-de-libertaires\/wp-json\/wp\/v2\/tags?post=688"}],"curies":[{"name":"wp","href":"https:\/\/api.w.org\/{rel}","templated":true}]}}