{"id":782,"date":"2009-10-17T00:15:25","date_gmt":"2009-10-16T22:15:25","guid":{"rendered":"http:\/\/atelierdecreationlibertaire.com\/blogs\/images-de-libertaires\/?p=782"},"modified":"2011-06-02T16:44:55","modified_gmt":"2011-06-02T14:44:55","slug":"manifestation-de-soutien-a-la-plume-noire-le-22-fevrier-1997","status":"publish","type":"post","link":"http:\/\/atelierdecreationlibertaire.com\/blogs1\/images-de-libertaires\/manifestation-de-soutien-a-la-plume-noire-le-22-fevrier-1997-782\/","title":{"rendered":"Manifestation de soutien \u00e0 la Plume noire, le 22 f\u00e9vrier 1997"},"content":{"rendered":"<p>Un <a href=\"http:\/\/atelierdecreationlibertaire.com\/blogs1\/images-de-libertaires\/16-fevrier-1997-incendie-de-la-plume-noire-216\/\" target=\"_blank\">pr\u00e9c\u00e9dent billet<\/a> abordait le sujet de l&rsquo;incendie de la Plume noire, le 16 f\u00e9vrier 1997, et de la manifestation de soutien du samedi 22 f\u00e9vrier. No\u00eblle et Roland avaient eu aussi pris des photographies, avec un appareil jetable panoramique. Nous en profitons d&rsquo;ailleurs pour faire un appel \u00e0 toutes ceux et toutes celles qui auraient des photos concernant ces images des libertaires lyonnais au fil des ans. Sachez que nous les scannerons rapidement et nous vous les rendons tout aussi rapidement. Pour nous contacter, il suffit de remplir un petit <a href=\"http:\/\/atelierdecreationlibertaire.com\/blogs1\/images-de-libertaires\/nous-contacter\/\" target=\"_blank\">formulaire<\/a>.<\/p>\n<p>On peut aussi voir des images vid\u00e9os <a href=\"http:\/\/atelierdecreationlibertaire.com\/blogs1\/images-de-libertaires\/manifestation-de-soutien-a-la-plume-noire-le-22-fevrier-1997-la-video-1406\">ici<\/a>.<\/p>\n\n\t\t\t<div id='782-1' class='gallery gallery-782 gallery-columns-3 gallery-size-thumbnail' itemscope itemtype='http:\/\/schema.org\/ImageGallery'>\n\t\t\t\t<div class='gallery-row gallery-col-3 gallery-clear'>\n\t\t\t\t\t<figure class='gallery-item col-3' itemprop='associatedMedia' itemscope itemtype='http:\/\/schema.org\/ImageObject'>\n\t\t\t\t\t\t<div class='gallery-icon landscape'><a href='http:\/\/atelierdecreationlibertaire.com\/blogs1\/images-de-libertaires\/wp-content\/uploads\/22-fevrier-1997-la-plume-noire-manif-photo-nono-et-roland-1.jpg' itemprop=\"contentURL\" rel=\"lightbox[782]\"><img loading=\"lazy\" decoding=\"async\" width=\"150\" height=\"150\" src=\"http:\/\/atelierdecreationlibertaire.com\/blogs1\/images-de-libertaires\/wp-content\/uploads\/22-fevrier-1997-la-plume-noire-manif-photo-nono-et-roland-1-150x150.jpg\" class=\"attachment-thumbnail size-thumbnail\" alt=\"\" itemprop=\"thumbnail\" sizes=\"100vw\" \/><\/a><\/div>\n\t\t\t\t\t<\/figure>\n\t\t\t\t\t<figure class='gallery-item col-3' itemprop='associatedMedia' itemscope itemtype='http:\/\/schema.org\/ImageObject'>\n\t\t\t\t\t\t<div class='gallery-icon landscape'><a href='http:\/\/atelierdecreationlibertaire.com\/blogs1\/images-de-libertaires\/wp-content\/uploads\/22-fevrier-1997-la-plume-noire-manif-photo-nono-et-roland-2.jpg' itemprop=\"contentURL\" rel=\"lightbox[782]\"><img loading=\"lazy\" decoding=\"async\" width=\"150\" height=\"150\" src=\"http:\/\/atelierdecreationlibertaire.com\/blogs1\/images-de-libertaires\/wp-content\/uploads\/22-fevrier-1997-la-plume-noire-manif-photo-nono-et-roland-2-150x150.jpg\" class=\"attachment-thumbnail size-thumbnail\" alt=\"\" itemprop=\"thumbnail\" sizes=\"100vw\" \/><\/a><\/div>\n\t\t\t\t\t<\/figure>\n\t\t\t\t\t<figure class='gallery-item col-3' itemprop='associatedMedia' itemscope itemtype='http:\/\/schema.org\/ImageObject'>\n\t\t\t\t\t\t<div class='gallery-icon landscape'><a href='http:\/\/atelierdecreationlibertaire.com\/blogs1\/images-de-libertaires\/wp-content\/uploads\/22-fevrier-1997-la-plume-noire-manif-photo-nono-et-roland-3.jpg' itemprop=\"contentURL\" rel=\"lightbox[782]\"><img loading=\"lazy\" decoding=\"async\" width=\"150\" height=\"150\" src=\"http:\/\/atelierdecreationlibertaire.com\/blogs1\/images-de-libertaires\/wp-content\/uploads\/22-fevrier-1997-la-plume-noire-manif-photo-nono-et-roland-3-150x150.jpg\" class=\"attachment-thumbnail size-thumbnail\" alt=\"\" itemprop=\"thumbnail\" sizes=\"100vw\" \/><\/a><\/div>\n\t\t\t\t\t<\/figure>\n\t\t\t\t<\/div>\n\t\t\t\t<div class='gallery-row gallery-col-3 gallery-clear'>\n\t\t\t\t\t<figure class='gallery-item col-3' itemprop='associatedMedia' itemscope itemtype='http:\/\/schema.org\/ImageObject'>\n\t\t\t\t\t\t<div class='gallery-icon landscape'><a href='http:\/\/atelierdecreationlibertaire.com\/blogs1\/images-de-libertaires\/wp-content\/uploads\/22-fevrier-1997-la-plume-noire-manif-photo-nono-et-roland-4.jpg' itemprop=\"contentURL\" rel=\"lightbox[782]\"><img loading=\"lazy\" decoding=\"async\" width=\"150\" height=\"150\" src=\"http:\/\/atelierdecreationlibertaire.com\/blogs1\/images-de-libertaires\/wp-content\/uploads\/22-fevrier-1997-la-plume-noire-manif-photo-nono-et-roland-4-150x150.jpg\" class=\"attachment-thumbnail size-thumbnail\" alt=\"\" itemprop=\"thumbnail\" sizes=\"100vw\" \/><\/a><\/div>\n\t\t\t\t\t<\/figure>\n\t\t\t\t\t<figure class='gallery-item col-3' itemprop='associatedMedia' itemscope itemtype='http:\/\/schema.org\/ImageObject'>\n\t\t\t\t\t\t<div class='gallery-icon landscape'><a href='http:\/\/atelierdecreationlibertaire.com\/blogs1\/images-de-libertaires\/wp-content\/uploads\/22-fevrier-1997-la-plume-noire-manif-photo-nono-et-roland-5.jpg' itemprop=\"contentURL\" rel=\"lightbox[782]\"><img loading=\"lazy\" decoding=\"async\" width=\"150\" height=\"150\" src=\"http:\/\/atelierdecreationlibertaire.com\/blogs1\/images-de-libertaires\/wp-content\/uploads\/22-fevrier-1997-la-plume-noire-manif-photo-nono-et-roland-5-150x150.jpg\" class=\"attachment-thumbnail size-thumbnail\" alt=\"\" itemprop=\"thumbnail\" sizes=\"100vw\" \/><\/a><\/div>\n\t\t\t\t\t<\/figure>\n\t\t\t\t\t<figure class='gallery-item col-3' itemprop='associatedMedia' itemscope itemtype='http:\/\/schema.org\/ImageObject'>\n\t\t\t\t\t\t<div class='gallery-icon landscape'><a href='http:\/\/atelierdecreationlibertaire.com\/blogs1\/images-de-libertaires\/wp-content\/uploads\/22-fevrier-1997-la-plume-noire-manif-photo-nono-et-roland-6.jpg' itemprop=\"contentURL\" rel=\"lightbox[782]\"><img loading=\"lazy\" decoding=\"async\" width=\"150\" height=\"150\" src=\"http:\/\/atelierdecreationlibertaire.com\/blogs1\/images-de-libertaires\/wp-content\/uploads\/22-fevrier-1997-la-plume-noire-manif-photo-nono-et-roland-6-150x150.jpg\" class=\"attachment-thumbnail size-thumbnail\" alt=\"\" itemprop=\"thumbnail\" sizes=\"100vw\" \/><\/a><\/div>\n\t\t\t\t\t<\/figure>\n\t\t\t\t<\/div>\n\t\t\t<\/div><!-- .gallery -->\n\n<div class=\"tweetthis\" style=\"text-align:left;\"><p> <a target=\"_blank\" rel=\"nofollow\" class=\"tt\" href=\"http:\/\/twitter.com\/home\/?status=Manifestation+de+soutien+%C3%A0+la+Plume+noire%2C+le+22+f%C3%A9vrier+1997+https%3A%2F%2Ftinyurl.com%2Fypbo7lnz\" title=\"Post to Twitter\"><img decoding=\"async\" class=\"nothumb\" src=\"http:\/\/atelierdecreationlibertaire.com\/blogs1\/images-de-libertaires\/wp-content\/plugins\/tweet-this\/icons\/en\/twitter\/tt-twitter-micro3.png\" alt=\"Post to Twitter\" \/><\/a><\/p><\/div>","protected":false},"excerpt":{"rendered":"<p>Un pr\u00e9c\u00e9dent billet abordait le sujet de l&rsquo;incendie de la Plume noire, le 16 f\u00e9vrier 1997, et de la manifestation de soutien du samedi 22 f\u00e9vrier. No\u00eblle et Roland avaient eu aussi pris des photographies, avec un appareil jetable panoramique. Nous en profitons d&rsquo;ailleurs pour faire un appel \u00e0 toutes ceux et toutes celles qui &hellip; <\/p>\n<p class=\"link-more\"><a href=\"http:\/\/atelierdecreationlibertaire.com\/blogs1\/images-de-libertaires\/manifestation-de-soutien-a-la-plume-noire-le-22-fevrier-1997-782\/\" class=\"more-link\">Continuer la lecture<span class=\"screen-reader-text\"> de &laquo;&nbsp;Manifestation de soutien \u00e0 la Plume noire, le 22 f\u00e9vrier 1997&nbsp;&raquo;<\/span><\/a><\/p>\n","protected":false},"author":1,"featured_media":0,"comment_status":"open","ping_status":"closed","sticky":false,"template":"","format":"standard","meta":{"footnotes":""},"categories":[69,56,4],"tags":[70,30,323],"_links":{"self":[{"href":"http:\/\/atelierdecreationlibertaire.com\/blogs1\/images-de-libertaires\/wp-json\/wp\/v2\/posts\/782"}],"collection":[{"href":"http:\/\/atelierdecreationlibertaire.com\/blogs1\/images-de-libertaires\/wp-json\/wp\/v2\/posts"}],"about":[{"href":"http:\/\/atelierdecreationlibertaire.com\/blogs1\/images-de-libertaires\/wp-json\/wp\/v2\/types\/post"}],"author":[{"embeddable":true,"href":"http:\/\/atelierdecreationlibertaire.com\/blogs1\/images-de-libertaires\/wp-json\/wp\/v2\/users\/1"}],"replies":[{"embeddable":true,"href":"http:\/\/atelierdecreationlibertaire.com\/blogs1\/images-de-libertaires\/wp-json\/wp\/v2\/comments?post=782"}],"version-history":[{"count":4,"href":"http:\/\/atelierdecreationlibertaire.com\/blogs1\/images-de-libertaires\/wp-json\/wp\/v2\/posts\/782\/revisions"}],"predecessor-version":[{"id":784,"href":"http:\/\/atelierdecreationlibertaire.com\/blogs1\/images-de-libertaires\/wp-json\/wp\/v2\/posts\/782\/revisions\/784"}],"wp:attachment":[{"href":"http:\/\/atelierdecreationlibertaire.com\/blogs1\/images-de-libertaires\/wp-json\/wp\/v2\/media?parent=782"}],"wp:term":[{"taxonomy":"category","embeddable":true,"href":"http:\/\/atelierdecreationlibertaire.com\/blogs1\/images-de-libertaires\/wp-json\/wp\/v2\/categories?post=782"},{"taxonomy":"post_tag","embeddable":true,"href":"http:\/\/atelierdecreationlibertaire.com\/blogs1\/images-de-libertaires\/wp-json\/wp\/v2\/tags?post=782"}],"curies":[{"name":"wp","href":"https:\/\/api.w.org\/{rel}","templated":true}]}}