{"id":8,"date":"2009-04-20T20:48:22","date_gmt":"2009-04-20T18:48:22","guid":{"rendered":"http:\/\/atelierdecreationlibertaire.com\/blogs\/images-de-libertaires\/?p=8"},"modified":"2010-04-06T20:31:34","modified_gmt":"2010-04-06T18:31:34","slug":"premier-mai-2008-a-lyon-le-cortege-noir-rouge","status":"publish","type":"post","link":"http:\/\/atelierdecreationlibertaire.com\/blogs1\/images-de-libertaires\/premier-mai-2008-a-lyon-le-cortege-noir-rouge-8\/","title":{"rendered":"Premier mai 2008 \u00e0 Lyon &#8211; Le cort\u00e8ge noir &amp; rouge"},"content":{"rendered":"<p>Depuis quelques ann\u00e9es d\u00e9j\u00e0, le cort\u00e8ge noir &amp; rouge lyonnais est, apr\u00e8s celui de la CGT, le plus important en nombre. En 2008 encore cela n\u2019a pas failli. Un film pris avec un appareil photo num\u00e9rique, de basse qualit\u00e9, mais qui montre l\u2019importance, la vitalit\u00e9, la jeunesse et la diversit\u00e9 de ce cort\u00e8ge.<\/p>\n<p><iframe loading=\"lazy\" width=\"500\" height=\"350\" src=\"http:\/\/www.youtube.com\/embed\/5wEmNpAD5HQ?wmode=transparent\" frameborder=\"0\" allowfullscreen> <\/iframe><\/p>\n<div class=\"tweetthis\" style=\"text-align:left;\"><p> <a target=\"_blank\" rel=\"nofollow\" class=\"tt\" href=\"http:\/\/twitter.com\/home\/?status=Premier+mai+2008+%C3%A0+Lyon+%E2%80%93+Le+cort%C3%A8ge+noir+%26+rouge+https%3A%2F%2Ftinyurl.com%2Fys4ww23s\" title=\"Post to Twitter\"><img decoding=\"async\" class=\"nothumb\" src=\"http:\/\/atelierdecreationlibertaire.com\/blogs1\/images-de-libertaires\/wp-content\/plugins\/tweet-this\/icons\/en\/twitter\/tt-twitter-micro3.png\" alt=\"Post to Twitter\" \/><\/a><\/p><\/div>","protected":false},"excerpt":{"rendered":"<p>Depuis quelques ann\u00e9es d\u00e9j\u00e0, le cort\u00e8ge noir &amp; rouge lyonnais est, apr\u00e8s celui de la CGT, le plus important en nombre. En 2008 encore cela n\u2019a pas failli. Un film pris avec un appareil photo num\u00e9rique, de basse qualit\u00e9, mais qui montre l\u2019importance, la vitalit\u00e9, la jeunesse et la diversit\u00e9 de ce cort\u00e8ge.<\/p>\n","protected":false},"author":1,"featured_media":0,"comment_status":"open","ping_status":"open","sticky":false,"template":"","format":"standard","meta":{"footnotes":""},"categories":[84,57,4],"tags":[24,323,85],"_links":{"self":[{"href":"http:\/\/atelierdecreationlibertaire.com\/blogs1\/images-de-libertaires\/wp-json\/wp\/v2\/posts\/8"}],"collection":[{"href":"http:\/\/atelierdecreationlibertaire.com\/blogs1\/images-de-libertaires\/wp-json\/wp\/v2\/posts"}],"about":[{"href":"http:\/\/atelierdecreationlibertaire.com\/blogs1\/images-de-libertaires\/wp-json\/wp\/v2\/types\/post"}],"author":[{"embeddable":true,"href":"http:\/\/atelierdecreationlibertaire.com\/blogs1\/images-de-libertaires\/wp-json\/wp\/v2\/users\/1"}],"replies":[{"embeddable":true,"href":"http:\/\/atelierdecreationlibertaire.com\/blogs1\/images-de-libertaires\/wp-json\/wp\/v2\/comments?post=8"}],"version-history":[{"count":27,"href":"http:\/\/atelierdecreationlibertaire.com\/blogs1\/images-de-libertaires\/wp-json\/wp\/v2\/posts\/8\/revisions"}],"predecessor-version":[{"id":23,"href":"http:\/\/atelierdecreationlibertaire.com\/blogs1\/images-de-libertaires\/wp-json\/wp\/v2\/posts\/8\/revisions\/23"}],"wp:attachment":[{"href":"http:\/\/atelierdecreationlibertaire.com\/blogs1\/images-de-libertaires\/wp-json\/wp\/v2\/media?parent=8"}],"wp:term":[{"taxonomy":"category","embeddable":true,"href":"http:\/\/atelierdecreationlibertaire.com\/blogs1\/images-de-libertaires\/wp-json\/wp\/v2\/categories?post=8"},{"taxonomy":"post_tag","embeddable":true,"href":"http:\/\/atelierdecreationlibertaire.com\/blogs1\/images-de-libertaires\/wp-json\/wp\/v2\/tags?post=8"}],"curies":[{"name":"wp","href":"https:\/\/api.w.org\/{rel}","templated":true}]}}