{"id":805,"date":"2009-10-31T00:15:35","date_gmt":"2009-10-30T22:15:35","guid":{"rendered":"http:\/\/atelierdecreationlibertaire.com\/blogs\/images-de-libertaires\/?p=805"},"modified":"2009-10-11T18:37:00","modified_gmt":"2009-10-11T16:37:00","slug":"la-cgt-espagnole-dans-les-rues-de-lyon-en-juin-1996","status":"publish","type":"post","link":"http:\/\/atelierdecreationlibertaire.com\/blogs1\/images-de-libertaires\/la-cgt-espagnole-dans-les-rues-de-lyon-en-juin-1996-805\/","title":{"rendered":"La CGT espagnole dans les rues de Lyon, en juin 1996"},"content":{"rendered":"<p>La CGT espagnole, une scission de la CNT, \u00e9tait venue manifester \u00e0 Lyon, en 1996 contre le G7. Nous avions abord\u00e9 cette manifestation impressionnante au niveau du cort\u00e8ge noir et rouge dans un <a href=\"http:\/\/atelierdecreationlibertaire.com\/blogs1\/images-de-libertaires\/manifestation-contre-le-g7-en-juin-1996-53\/\" target=\"_self\">pr\u00e9c\u00e9dent billet<\/a>.\u00a0 Tir\u00e9e des archives de No\u00eblle et Roland, la photographie du\u00a0 cort\u00e8ge de la CGT espagnole.<\/p>\n<p style=\"text-align: center\"><a href=\"http:\/\/atelierdecreationlibertaire.com\/blogs1\/images-de-libertaires\/wp-content\/uploads\/1996-06-manif-anti-g7-photo-nono-et-roland.jpg\" rel=\"lightbox[805]\"><img loading=\"lazy\" decoding=\"async\" class=\"aligncenter size-medium wp-image-806\" src=\"http:\/\/atelierdecreationlibertaire.com\/blogs1\/images-de-libertaires\/wp-content\/uploads\/1996-06-manif-anti-g7-photo-nono-et-roland-300x205.jpg\" alt=\"La CGT espagnole au sein du cort\u00e8ge noir et rouge contre le G7 \u00e0 Lyon, en juin 1996\" width=\"300\" height=\"205\" srcset=\"http:\/\/atelierdecreationlibertaire.com\/blogs1\/images-de-libertaires\/wp-content\/uploads\/1996-06-manif-anti-g7-photo-nono-et-roland-300x205.jpg 300w, http:\/\/atelierdecreationlibertaire.com\/blogs1\/images-de-libertaires\/wp-content\/uploads\/1996-06-manif-anti-g7-photo-nono-et-roland.jpg 640w\" sizes=\"(max-width: 300px) 100vw, 300px\" \/><\/a><\/p>\n<div class=\"tweetthis\" style=\"text-align:left;\"><p> <a target=\"_blank\" rel=\"nofollow\" class=\"tt\" href=\"http:\/\/twitter.com\/home\/?status=La+CGT+espagnole+dans+les+rues+de+Lyon%2C+en+juin+1996+https%3A%2F%2Ftinyurl.com%2Fyn2pk9tl\" title=\"Post to Twitter\"><img decoding=\"async\" class=\"nothumb\" src=\"http:\/\/atelierdecreationlibertaire.com\/blogs1\/images-de-libertaires\/wp-content\/plugins\/tweet-this\/icons\/en\/twitter\/tt-twitter-micro3.png\" alt=\"Post to Twitter\" \/><\/a><\/p><\/div>","protected":false},"excerpt":{"rendered":"<p>La CGT espagnole, une scission de la CNT, \u00e9tait venue manifester \u00e0 Lyon, en 1996 contre le G7. Nous avions abord\u00e9 cette manifestation impressionnante au niveau du cort\u00e8ge noir et rouge dans un pr\u00e9c\u00e9dent billet.\u00a0 Tir\u00e9e des archives de No\u00eblle et Roland, la photographie du\u00a0 cort\u00e8ge de la CGT espagnole.<\/p>\n","protected":false},"author":1,"featured_media":0,"comment_status":"open","ping_status":"closed","sticky":false,"template":"","format":"standard","meta":{"footnotes":""},"categories":[83,56,4],"tags":[323],"_links":{"self":[{"href":"http:\/\/atelierdecreationlibertaire.com\/blogs1\/images-de-libertaires\/wp-json\/wp\/v2\/posts\/805"}],"collection":[{"href":"http:\/\/atelierdecreationlibertaire.com\/blogs1\/images-de-libertaires\/wp-json\/wp\/v2\/posts"}],"about":[{"href":"http:\/\/atelierdecreationlibertaire.com\/blogs1\/images-de-libertaires\/wp-json\/wp\/v2\/types\/post"}],"author":[{"embeddable":true,"href":"http:\/\/atelierdecreationlibertaire.com\/blogs1\/images-de-libertaires\/wp-json\/wp\/v2\/users\/1"}],"replies":[{"embeddable":true,"href":"http:\/\/atelierdecreationlibertaire.com\/blogs1\/images-de-libertaires\/wp-json\/wp\/v2\/comments?post=805"}],"version-history":[{"count":5,"href":"http:\/\/atelierdecreationlibertaire.com\/blogs1\/images-de-libertaires\/wp-json\/wp\/v2\/posts\/805\/revisions"}],"predecessor-version":[{"id":810,"href":"http:\/\/atelierdecreationlibertaire.com\/blogs1\/images-de-libertaires\/wp-json\/wp\/v2\/posts\/805\/revisions\/810"}],"wp:attachment":[{"href":"http:\/\/atelierdecreationlibertaire.com\/blogs1\/images-de-libertaires\/wp-json\/wp\/v2\/media?parent=805"}],"wp:term":[{"taxonomy":"category","embeddable":true,"href":"http:\/\/atelierdecreationlibertaire.com\/blogs1\/images-de-libertaires\/wp-json\/wp\/v2\/categories?post=805"},{"taxonomy":"post_tag","embeddable":true,"href":"http:\/\/atelierdecreationlibertaire.com\/blogs1\/images-de-libertaires\/wp-json\/wp\/v2\/tags?post=805"}],"curies":[{"name":"wp","href":"https:\/\/api.w.org\/{rel}","templated":true}]}}